{"id":33549,"date":"2022-08-01T07:47:33","date_gmt":"2022-08-01T05:47:33","guid":{"rendered":"http:\/\/www.leblogdescoutheillas.com\/?p=33549"},"modified":"2022-08-02T15:40:48","modified_gmt":"2022-08-02T13:40:48","slug":"lhomme-au-mois-daout-2","status":"publish","type":"post","link":"https:\/\/www.leblogdescoutheillas.com\/?p=33549","title":{"rendered":"L&rsquo;homme au mois d&rsquo;ao\u00fbt"},"content":{"rendered":"<p style=\"text-align: justify;\"><span style=\"color: #3366ff;\"><em>Morceau choisi<\/em><\/span><\/p>\n<p><span style=\"color: #003300;\"><em>(d\u00e9ja publi\u00e9 il y a 6 ans&#8230; Vialatte, on ne le republiera \u00a0jamais assez.)<\/em><\/span><\/p>\n<p style=\"text-align: justify;\"><span style=\"color: #003366;\"><em>A l&rsquo;entr\u00e9e d&rsquo;une chronique consacr\u00e9e \u00e0 Georges Simenon, Alexandre Vialatte \u00e9crivait ceci (\u00e0 d\u00e9guster lentement, les yeux ferm\u00e9s, si possible\u00a0;\u00a0si, si, c&rsquo;est possible, il n&rsquo;y a qu&rsquo;\u00e0 vous le faire lire par un ou une amie) : <\/em><\/span><\/p>\n<p style=\"text-align: justify;\">L&rsquo;homme, au mois d&rsquo;ao\u00fbt, s&rsquo;\u00e9vade de ses logements cubiques pour retrouver \u00e0 la campagne les maisons inconfortables du bonheur. Un vieux lilas pousse dans le jardin, une gu\u00eape bourdonne autour des roses, le vin rafra\u00eechit \u00e0 la cave, on s&rsquo;assomme contre une poutre en montant au grenier. En revanche, on y trouve un Montesquieu complet, un Balzac en quarante volumes, trente ans de l&rsquo;Illustration ou de la Revue des Deux Mondes, des livres de prix \u00e0 tranches d&rsquo;or aux pages tach\u00e9es de mouillures jaun\u00e2tres dont l&rsquo;odeur fait partie de l&rsquo;histoire (l&rsquo;histoire ne serait pas la m\u00eame si le livre avait une autre odeur).<\/p>\n<p>&nbsp;<\/p>\n","protected":false},"excerpt":{"rendered":"<p>Morceau choisi (d\u00e9ja publi\u00e9 il y a 6 ans&#8230; Vialatte, on ne le republiera \u00a0jamais assez.) A l&rsquo;entr\u00e9e d&rsquo;une chronique consacr\u00e9e \u00e0 Georges Simenon, Alexandre Vialatte \u00e9crivait ceci (\u00e0 d\u00e9guster lentement, les yeux ferm\u00e9s, si possible\u00a0;\u00a0si, si, c&rsquo;est possible, il n&rsquo;y a qu&rsquo;\u00e0 vous le faire lire par un ou une amie) : L&rsquo;homme, au &hellip; <a href=\"https:\/\/www.leblogdescoutheillas.com\/?p=33549\" class=\"more-link\">Continuer la lecture de <span class=\"screen-reader-text\">L&rsquo;homme au mois d&rsquo;ao\u00fbt<\/span> <span class=\"meta-nav\">&rarr;<\/span><\/a><\/p>\n","protected":false},"author":1,"featured_media":0,"comment_status":"open","ping_status":"open","sticky":false,"template":"","format":"standard","meta":{"_mo_disable_npp":"","jetpack_post_was_ever_published":false,"_jetpack_newsletter_access":"","_jetpack_dont_email_post_to_subs":false,"_jetpack_newsletter_tier_id":0,"_jetpack_memberships_contains_paywalled_content":false,"_jetpack_memberships_contains_paid_content":false,"footnotes":"","jetpack_publicize_message":"","jetpack_publicize_feature_enabled":true,"jetpack_social_post_already_shared":false,"jetpack_social_options":{"image_generator_settings":{"template":"highway","default_image_id":0,"font":"","enabled":false},"version":2}},"categories":[4],"tags":[125],"class_list":["post-33549","post","type-post","status-publish","format-standard","hentry","category-citations","tag-vialatte"],"jetpack_publicize_connections":[],"jetpack_featured_media_url":"","jetpack_sharing_enabled":true,"_links":{"self":[{"href":"https:\/\/www.leblogdescoutheillas.com\/index.php?rest_route=\/wp\/v2\/posts\/33549","targetHints":{"allow":["GET"]}}],"collection":[{"href":"https:\/\/www.leblogdescoutheillas.com\/index.php?rest_route=\/wp\/v2\/posts"}],"about":[{"href":"https:\/\/www.leblogdescoutheillas.com\/index.php?rest_route=\/wp\/v2\/types\/post"}],"author":[{"embeddable":true,"href":"https:\/\/www.leblogdescoutheillas.com\/index.php?rest_route=\/wp\/v2\/users\/1"}],"replies":[{"embeddable":true,"href":"https:\/\/www.leblogdescoutheillas.com\/index.php?rest_route=%2Fwp%2Fv2%2Fcomments&post=33549"}],"version-history":[{"count":0,"href":"https:\/\/www.leblogdescoutheillas.com\/index.php?rest_route=\/wp\/v2\/posts\/33549\/revisions"}],"wp:attachment":[{"href":"https:\/\/www.leblogdescoutheillas.com\/index.php?rest_route=%2Fwp%2Fv2%2Fmedia&parent=33549"}],"wp:term":[{"taxonomy":"category","embeddable":true,"href":"https:\/\/www.leblogdescoutheillas.com\/index.php?rest_route=%2Fwp%2Fv2%2Fcategories&post=33549"},{"taxonomy":"post_tag","embeddable":true,"href":"https:\/\/www.leblogdescoutheillas.com\/index.php?rest_route=%2Fwp%2Fv2%2Ftags&post=33549"}],"curies":[{"name":"wp","href":"https:\/\/api.w.org\/{rel}","templated":true}]}}