{"id":31948,"date":"2021-12-16T07:47:04","date_gmt":"2021-12-16T06:47:04","guid":{"rendered":"http:\/\/www.leblogdescoutheillas.com\/?p=31948"},"modified":"2021-12-14T18:59:48","modified_gmt":"2021-12-14T17:59:48","slug":"31948","status":"publish","type":"post","link":"https:\/\/www.leblogdescoutheillas.com\/?p=31948","title":{"rendered":"Petite note \u00e0 l&rsquo;usage de mes biographes (3)"},"content":{"rendered":"<p style=\"text-align: justify;\"><img loading=\"lazy\" decoding=\"async\" class=\"alignleft wp-image-31950\" src=\"http:\/\/www.leblogdescoutheillas.com\/wp-content\/uploads\/2021\/09\/Capture-decran-2021-09-09-a-10.31.35-300x188.png\" alt=\"\" width=\"206\" height=\"129\" srcset=\"https:\/\/www.leblogdescoutheillas.com\/wp-content\/uploads\/2021\/09\/Capture-decran-2021-09-09-a-10.31.35-300x188.png 300w, https:\/\/www.leblogdescoutheillas.com\/wp-content\/uploads\/2021\/09\/Capture-decran-2021-09-09-a-10.31.35.png 509w\" sizes=\"auto, (max-width: 206px) 100vw, 206px\" \/><strong>3- T\u00e9h\u00e9ran &#8211; Les chiens et le Shah<\/strong><\/p>\n<p style=\"text-align: justify;\">T\u00e9h\u00e9ran ? J\u2019y ai v\u00e9cu un grand mois dans un bel h\u00f4tel moderne du quartier nord, l\u2019Imperial Hotel, \u00e0 r\u00e9fl\u00e9chir \u00e0 la possibilit\u00e9 de r\u00e9aliser un m\u00e9tro dans cette ville immense et disparate. Pour moi, les conditions de vie y \u00e9taient paradisiaques (<em>j\u2019en ai dit un mot dans<\/em> <a href=\"http:\/\/www.leblogdescoutheillas.com\/?p=30243\"><span style=\"color: #ff0000;\"><strong><em>Les chiens de T\u00e9h\u00e9ran<\/em><\/strong><\/span><\/a>) : Ville nord moderne et confortable, bons restaurants, caviar pas cher, bourgeoisie francophone et francophile, cin\u00e9mas et boites de nuit ; ville sud pittoresque et voil\u00e9e, poussi\u00e9reuse et pratiquante, bazar exempt de touristes, mosqu\u00e9es inaccessibles. C&rsquo;\u00e9tait il y a pr\u00e8s de cinquante ans.<\/p>\n<p style=\"text-align: justify;\">Deux jours apr\u00e8s mon arriv\u00e9e, le 6 octobre 1973, une attaque concert\u00e9e des Egyptiens dans le Sina\u00ef et des Syriens sur le Golan d\u00e9clenchait ce qui devait \u00eatre \u00ab\u00a0la guerre du Kippour\u00a0\u00bb. Elle dura 3 semaines.<span class=\"Apple-converted-space\">\u00a0<\/span><\/p>\n<p style=\"text-align: justify;\">A l\u2019\u00e9poque, c\u2019est Mohammad Reza Shah qui r\u00e9gnait sur l\u2019Iran. C\u2019est sans doute pourquoi le pays<span class=\"Apple-converted-space\">\u00a0<\/span>ne prit aucune part au conflit, au contraire de plusieurs autres pays musulmans. Seules quelques manifestations dans T\u00e9h\u00e9ran-sud vinrent apporter un soutien purement formel \u00e0 la coalition. Je remarquai aussi la discr\u00e9tion de la bourgeoisie, tr\u00e8s vraisemblablement pro-isra\u00e9lienne, dans ses commentaires sur la guerre. De son c\u00f4t\u00e9, la t\u00e9l\u00e9vision du Shah faisait de son mieux pour condamner Isra\u00ebl sans convaincre personne.<span class=\"Apple-converted-space\">\u00a0<\/span><\/p>\n<p style=\"text-align: justify;\">A part \u00e7a, la vie continuait comme avant pour moi et pour les Farsis.<span class=\"Apple-converted-space\">\u00a0<\/span><\/p>\n<p style=\"text-align: justify;\">Un cessez-le-feu intervint le 23 octobre. Un peu plus tard, je remis un petit bout de rapport qui devait conclure, comme c\u2019est l\u2019usage, au besoin d\u2019\u00e9tudes compl\u00e9mentaires et je quittai T\u00e9h\u00e9ran pour Ath\u00e8nes le 15 novembre.<\/p>\n<p style=\"text-align: justify;\">Les travaux du m\u00e9tro commenc\u00e8rent en 1978 sous l\u2019\u00e9gide d\u2019une filiale de la RATP pour \u00eatre interrompus par la r\u00e9volution islamique et la guerre Iran-Irak. Ils ne reprirent qu\u2019un vingtaine d\u2019ann\u00e9e plus tard, avec des entreprises chinoises.<span class=\"Apple-converted-space\">\u00a0<\/span><\/p>\n<p style=\"text-align: justify;\">Telle fut ma contribution au m\u00e9tro de T\u00e9h\u00e9ran.<span class=\"Apple-converted-space\">\u00a0<\/span><\/p>\n<p><span style=\"color: #ff0000;\"><strong>Bient\u00f4t publi\u00e9<br \/>\n17 D\u00e9c, 07:47 H\u00f4tel<br \/>\n18 D\u00e9c, 07:47 Le Wokisme a 50 ans<br \/>\n18 D\u00e9c, 16:47 Rendez-vous \u00e0 cinq heures : souvenir de cin\u00e9ma (2)<\/strong><\/span><\/p>\n","protected":false},"excerpt":{"rendered":"<p>3- T\u00e9h\u00e9ran &#8211; Les chiens et le Shah T\u00e9h\u00e9ran ? J\u2019y ai v\u00e9cu un grand mois dans un bel h\u00f4tel moderne du quartier nord, l\u2019Imperial Hotel, \u00e0 r\u00e9fl\u00e9chir \u00e0 la possibilit\u00e9 de r\u00e9aliser un m\u00e9tro dans cette ville immense et disparate. Pour moi, les conditions de vie y \u00e9taient paradisiaques (j\u2019en ai dit un mot &hellip; <a href=\"https:\/\/www.leblogdescoutheillas.com\/?p=31948\" class=\"more-link\">Continuer la lecture de <span class=\"screen-reader-text\">Petite note \u00e0 l&rsquo;usage de mes biographes (3)<\/span> <span class=\"meta-nav\">&rarr;<\/span><\/a><\/p>\n","protected":false},"author":1,"featured_media":0,"comment_status":"open","ping_status":"open","sticky":false,"template":"","format":"standard","meta":{"_mo_disable_npp":"","jetpack_post_was_ever_published":false,"_jetpack_newsletter_access":"","_jetpack_dont_email_post_to_subs":false,"_jetpack_newsletter_tier_id":0,"_jetpack_memberships_contains_paywalled_content":false,"_jetpack_memberships_contains_paid_content":false,"footnotes":"","jetpack_publicize_message":"","jetpack_publicize_feature_enabled":true,"jetpack_social_post_already_shared":false,"jetpack_social_options":{"image_generator_settings":{"template":"highway","default_image_id":0,"font":"","enabled":false},"version":2}},"categories":[12,2],"tags":[21,18],"class_list":["post-31948","post","type-post","status-publish","format-standard","hentry","category-recit","category-textes","tag-philippe","tag-teheran"],"jetpack_publicize_connections":[],"jetpack_featured_media_url":"","jetpack_sharing_enabled":true,"_links":{"self":[{"href":"https:\/\/www.leblogdescoutheillas.com\/index.php?rest_route=\/wp\/v2\/posts\/31948","targetHints":{"allow":["GET"]}}],"collection":[{"href":"https:\/\/www.leblogdescoutheillas.com\/index.php?rest_route=\/wp\/v2\/posts"}],"about":[{"href":"https:\/\/www.leblogdescoutheillas.com\/index.php?rest_route=\/wp\/v2\/types\/post"}],"author":[{"embeddable":true,"href":"https:\/\/www.leblogdescoutheillas.com\/index.php?rest_route=\/wp\/v2\/users\/1"}],"replies":[{"embeddable":true,"href":"https:\/\/www.leblogdescoutheillas.com\/index.php?rest_route=%2Fwp%2Fv2%2Fcomments&post=31948"}],"version-history":[{"count":0,"href":"https:\/\/www.leblogdescoutheillas.com\/index.php?rest_route=\/wp\/v2\/posts\/31948\/revisions"}],"wp:attachment":[{"href":"https:\/\/www.leblogdescoutheillas.com\/index.php?rest_route=%2Fwp%2Fv2%2Fmedia&parent=31948"}],"wp:term":[{"taxonomy":"category","embeddable":true,"href":"https:\/\/www.leblogdescoutheillas.com\/index.php?rest_route=%2Fwp%2Fv2%2Fcategories&post=31948"},{"taxonomy":"post_tag","embeddable":true,"href":"https:\/\/www.leblogdescoutheillas.com\/index.php?rest_route=%2Fwp%2Fv2%2Ftags&post=31948"}],"curies":[{"name":"wp","href":"https:\/\/api.w.org\/{rel}","templated":true}]}}