{"id":31176,"date":"2021-07-20T16:47:15","date_gmt":"2021-07-20T14:47:15","guid":{"rendered":"http:\/\/www.leblogdescoutheillas.com\/?p=31176"},"modified":"2021-07-22T08:38:04","modified_gmt":"2021-07-22T06:38:04","slug":"rendez-vous-a-cinq-heures-conradiologie","status":"publish","type":"post","link":"https:\/\/www.leblogdescoutheillas.com\/?p=31176","title":{"rendered":"Rendez-vous \u00e0 cinq heures : Conradiologie"},"content":{"rendered":"<p style=\"text-align: justify;\"><strong style=\"color: #800080; text-align: justify;\"><em>La page de 16h47 est ouverte&#8230;<\/em><\/strong><\/p>\n<p style=\"text-align: justify;\"><img loading=\"lazy\" decoding=\"async\" class=\"aligncenter size-full wp-image-23460\" src=\"http:\/\/www.leblogdescoutheillas.com\/wp-content\/uploads\/2020\/05\/TASSE-DE-THE%CC%81.jpg\" alt=\"\" width=\"100\" height=\"127\" \/><\/p>\n<p style=\"text-align: center;\"><em><strong>CONRADIOLOGIE<\/strong><\/em><\/p>\n<p style=\"text-align: justify;\">Il est souvent question dans le JDC de Joseph Conrad ce dont je me r\u00e9jouis car Conrad est incontestablement l\u2019un de mes \u00e9crivains de pr\u00e9dilection. \u00a0Divers de mes commentaires m\u2019ont donn\u00e9 l\u2019occasion de le faire savoir et si derni\u00e8rement j\u2019ai joint le dernier paragraphe du chapitre 36 du <em>Miroir de la Mer<\/em> \u00e0 titre d\u2019illustration de mon propos, j\u2019ai regrett\u00e9 depuis de n\u2019avoir pas retranscrit la totalit\u00e9 de ce chapitre 36 qui est \u00e0 lire comme une nouvelle ind\u00e9pendante tant il r\u00e9sume parfaitement l\u2019esprit de l\u2019\u0153uvre de Conrad.<\/p>\n<p style=\"text-align: justify;\">Joseph Conrad est pour moi le ma\u00eetre incontestable <!--more-->du roman maritime, un genre ou excellent surtout des auteurs anglo-saxons mais que Conrad surpasse tous, m\u00eame s\u2019ils sont d\u2019une tr\u00e8s grande qualit\u00e9 litt\u00e9raire. Il n\u2019exploite pas le genre comme la plupart des autres avec leurs romans historiques, ou bien des fictions d\u2019aventures destin\u00e9es \u00e0 faire r\u00eaver les terriens s\u00e9dentaires, Non\u00a0! Conrad s\u2019attache \u00e0 \u00e9crire la r\u00e9alit\u00e9 d\u2019une marine de la deuxi\u00e8me moiti\u00e9 du 19<sup>\u00e8me<\/sup> si\u00e8cle, une marine vou\u00e9e au commerce et non \u00e0 la guerre (il y a d\u2019autres livres mythiques pour cela), une marine avec l\u2019apog\u00e9e des navires \u00e0 voile d\u00e9mesur\u00e9s s\u2019attaquant aux longues routes par les trois caps ou bien avec des navires plus petits cabotant sur des mers locales parfois d\u00e9cha\u00een\u00e9es. Conrad devenu \u00e9crivain apr\u00e8s avoir servi \u00e0 la mer pendant quelques vingt ans, de mousse \u00e0 ma\u00eetre, s\u2019est donc attach\u00e9 avec un don comme nul autre \u00e0 nous d\u00e9crire et nous faire vivre un monde constitu\u00e9 de trois \u00e9l\u00e9ments indissociables\u00a0: la mer, les navires et les \u00e9quipages.<\/p>\n<p style=\"text-align: justify;\">La mer d\u2019abord, Conrad ne l\u2019aime pas, m\u00eame si son rapport \u00e0 elle est la passion\u00a0: \u00ab\u00a0L\u2019oc\u00e9an poss\u00e8de le temp\u00e9rament sans scrupules d\u2019un autocrate sauvage corrompu par trop d\u2019adulation\u00a0\u00bb. Tout ce qui suit (extrait du chapitre 36 d\u00e9j\u00e0 mentionn\u00e9) est \u00e0 l\u2019avenant pour conclure par \u00ab\u00a0La plus stup\u00e9fiante des merveilles de l\u2019oc\u00e9an, c\u2019est son insondable cruaut\u00e9\u00a0\u00bb.\u00a0 Par ailleurs, d\u2019o\u00f9 le titre de son autobiographie, la mer est un miroir parce qu\u2019elle r\u00e9v\u00e8le ceux qui s\u2019y risquent. Impossible de tricher avec elle, l\u2019esbroufe est vite sanctionn\u00e9e.<\/p>\n<p style=\"text-align: justify;\">Les navires ensuite, \u00e0 voile bien entendu. Conrad en est passionn\u00e9ment amoureux. Il les traite comme des \u00eatres vivants avec chacun leur personnalit\u00e9. \u00ab\u00a0Le navire a ses propres droits. Il est des navires auxquels, pour l\u2019homme comp\u00e9tent, il ne manque que la parole. Il n\u2019est pas un esclave\u00a0\u00bb. La phrase cl\u00e9, irr\u00e9futable, est\u00a0: \u00ab\u00a0Rien \u00e0 dire contre les navires\u00a0!\u00a0\u00bb Cette doxa est \u00e0 la base de l\u2019interd\u00e9pendance entre l\u2019\u00e9quipage et son navire, aussi bien pour le gabier qui prend sa d\u00e9fense contre toute critique comme pour ce capitaine qui vient de perdre le sien\u00a0dans la temp\u00eate et dit lamentablement\u00a0: \u00ab\u00a0Aucun navire n\u2019aurait pu faire aussi bien. Il \u00e9tait petit, mais c\u2019\u00e9tait un bon navire. Je n\u2019avais aucune inqui\u00e9tude. Il \u00e9tait solide. Aucun autre navire n\u2019aurait pu supporter aussi longtemps le temps qu\u2019il a d\u00fb traverser pendant des jours et des jours avant que nous ne d\u00e9m\u00e2tions il y a une quinzaine. Il \u00e9tait \u00e0 peu pr\u00e8s \u00e0 bout de force, voil\u00e0 tout.\u00a0 Nul navire meilleur que lui n\u2019a jamais \u00e9t\u00e9 abandonn\u00e9 \u00e0 son naufrage en un jour comme celui-ci.\u00a0\u00bb<\/p>\n<p style=\"text-align: justify;\">L\u2019\u00e9quipage enfin. D\u00e9j\u00e0, qu\u2019a pu ressentir l\u2019\u00e9quipage rescap\u00e9 de justesse apr\u00e8s le naufrage de leur navire que le capitaine vient d\u2019\u00e9voquer\u00a0ci-dessus? Ce qu\u2019il a ressenti pour s\u00fbr est ce qui a \u00e9t\u00e9 \u00e9voqu\u00e9 dans Les Images de Conrad (JDC du 01\/07\/21) c\u2019est-\u00e0-dire \u00ab\u00a0en finir avec nos absurdes mis\u00e8res\u00a0\u00bb quand le navire \u00e9tait \u00e0 bout, que nul salut n\u2019\u00e9tait plus attendu et que se manifestait \u00ab\u00a0l\u2019indiff\u00e9rence cynique de la mer envers ce que m\u00e9ritent la souffrance et le courage humains, mise \u00e0 nu par cette exhibition ridicule et entach\u00e9e de panique qui venait d\u2019\u00eatre arrach\u00e9e \u00e0 neuf bons et honorables marins \u00e0 leur derni\u00e8re extr\u00e9mit\u00e9\u00a0\u00bb. Bien s\u00fbr et heureusement, les navires et leurs \u00e9quipages n\u2019\u00e9taient pas soumis en permanence aux temp\u00eates d\u00e9vastatrices mais aussi \u00e0 des calmes-plats, tout aussi redout\u00e9s d\u2019ailleurs, et des p\u00e9riodes de bons vents portants qui permettaient aux \u00e9quipages de faire la d\u00e9monstration de leur savoir faire pour obtenir du navire son meilleur niveau de performance.<\/p>\n<p style=\"text-align: justify;\">La mer, le navire et l\u2019\u00e9quipage\u00a0! En r\u00e9alit\u00e9, une phrase admirable, noy\u00e9e dans mon commentaire pr\u00e9c\u00e9dent du 01\/07\/21 (dernier paragraphe du chapitre 36 du Miroir de la Mer), manifestement autobiographique, r\u00e9sume ce triptyque\u00a0: \u00ab\u00a0Je regardais la mer vraie\u00a0: la mer qui joue avec les hommes jusqu\u2019\u00e0 ce que leur c\u0153ur se brise, et qui use de vaillants navires jusqu\u2019\u00e0 la mort. Ouverte \u00e0 tous et fid\u00e8le \u00e0 personne, elle exerce sa fascination de fa\u00e7on \u00e0 d\u00e9truire ce qui existe de meilleur. L\u2019aimer n\u2019est pas bien \u00bb.<\/p>\n<p style=\"text-align: justify;\">Et vlan pour les mystificateurs propageant un amour id\u00e9aliste ou romantique de la mer. Conrad n\u2019est pas de ceux-l\u00e0, mais il reste pour moi le plus grand \u00e9crivain maritime. Sa pens\u00e9e rejoint celle d\u2019Aristote exprim\u00e9e dans la fameuse citation\u00a0: \u00ab\u00a0Il y a trois sortes d\u2019hommes\u00a0: les vivants, les morts, et ceux qui vont sur la mer\u00a0\u00bb .<\/p>\n<p style=\"text-align: justify;\">Enfin, pour illustrer mon propos, ci-dessous un tableau du peintre anglais David James, pas tr\u00e8s connu, mais qui savait magnifiquement peindre la mer et ses vagues tout comme son contemporain Joseph Conrad.<\/p>\n<p><a href=\"http:\/\/www.leblogdescoutheillas.com\/?attachment_id=31178\" rel=\"attachment wp-att-31178\"><img loading=\"lazy\" decoding=\"async\" class=\"size-full wp-image-31178 aligncenter\" src=\"http:\/\/www.leblogdescoutheillas.com\/wp-content\/uploads\/2021\/07\/Capture-decran-2021-07-20-a-06.43.32.png\" alt=\"\" width=\"721\" height=\"430\" srcset=\"https:\/\/www.leblogdescoutheillas.com\/wp-content\/uploads\/2021\/07\/Capture-decran-2021-07-20-a-06.43.32.png 721w, https:\/\/www.leblogdescoutheillas.com\/wp-content\/uploads\/2021\/07\/Capture-decran-2021-07-20-a-06.43.32-300x179.png 300w\" sizes=\"auto, (max-width: 721px) 100vw, 721px\" \/><\/a><\/p>\n<p><span style=\"color: #0000ff;\"><em>(Lord) <strong>Jim<\/strong><\/em><\/span><\/p>\n<p><span style=\"color: #ff0000;\"><strong>Bient\u00f4t publi\u00e9<\/strong><\/span><\/p>\n<p><span style=\"color: #ff0000;\"><strong>Demain, 07:47 \u00bf TAVUSSA ? (77) \u2013 Absolutely fabulous !<\/strong><\/span><br \/>\n<span style=\"color: #ff0000;\"><strong>22 Juil, 07:47 Le Cujas (82)<\/strong><\/span><br \/>\n<span style=\"color: #ff0000;\"><strong>24 Juil, 07:47 Dr\u00f4les de bobines<\/strong><\/span><\/p>\n","protected":false},"excerpt":{"rendered":"<p>La page de 16h47 est ouverte&#8230; CONRADIOLOGIE Il est souvent question dans le JDC de Joseph Conrad ce dont je me r\u00e9jouis car Conrad est incontestablement l\u2019un de mes \u00e9crivains de pr\u00e9dilection. \u00a0Divers de mes commentaires m\u2019ont donn\u00e9 l\u2019occasion de le faire savoir et si derni\u00e8rement j\u2019ai joint le dernier paragraphe du chapitre 36 du &hellip; <a href=\"https:\/\/www.leblogdescoutheillas.com\/?p=31176\" class=\"more-link\">Continuer la lecture de <span class=\"screen-reader-text\">Rendez-vous \u00e0 cinq heures : Conradiologie<\/span> <span class=\"meta-nav\">&rarr;<\/span><\/a><\/p>\n","protected":false},"author":1,"featured_media":0,"comment_status":"open","ping_status":"open","sticky":false,"template":"","format":"standard","meta":{"_mo_disable_npp":"","jetpack_post_was_ever_published":false,"_jetpack_newsletter_access":"","_jetpack_dont_email_post_to_subs":false,"_jetpack_newsletter_tier_id":0,"_jetpack_memberships_contains_paywalled_content":false,"_jetpack_memberships_contains_paid_content":false,"footnotes":"","jetpack_publicize_message":"","jetpack_publicize_feature_enabled":true,"jetpack_social_post_already_shared":false,"jetpack_social_options":{"image_generator_settings":{"template":"highway","default_image_id":0,"font":"","enabled":false},"version":2}},"categories":[94],"tags":[48,1582],"class_list":["post-31176","post","type-post","status-publish","format-standard","hentry","category-critiques","tag-conrad","tag-jim"],"jetpack_publicize_connections":[],"jetpack_featured_media_url":"","jetpack_sharing_enabled":true,"_links":{"self":[{"href":"https:\/\/www.leblogdescoutheillas.com\/index.php?rest_route=\/wp\/v2\/posts\/31176","targetHints":{"allow":["GET"]}}],"collection":[{"href":"https:\/\/www.leblogdescoutheillas.com\/index.php?rest_route=\/wp\/v2\/posts"}],"about":[{"href":"https:\/\/www.leblogdescoutheillas.com\/index.php?rest_route=\/wp\/v2\/types\/post"}],"author":[{"embeddable":true,"href":"https:\/\/www.leblogdescoutheillas.com\/index.php?rest_route=\/wp\/v2\/users\/1"}],"replies":[{"embeddable":true,"href":"https:\/\/www.leblogdescoutheillas.com\/index.php?rest_route=%2Fwp%2Fv2%2Fcomments&post=31176"}],"version-history":[{"count":0,"href":"https:\/\/www.leblogdescoutheillas.com\/index.php?rest_route=\/wp\/v2\/posts\/31176\/revisions"}],"wp:attachment":[{"href":"https:\/\/www.leblogdescoutheillas.com\/index.php?rest_route=%2Fwp%2Fv2%2Fmedia&parent=31176"}],"wp:term":[{"taxonomy":"category","embeddable":true,"href":"https:\/\/www.leblogdescoutheillas.com\/index.php?rest_route=%2Fwp%2Fv2%2Fcategories&post=31176"},{"taxonomy":"post_tag","embeddable":true,"href":"https:\/\/www.leblogdescoutheillas.com\/index.php?rest_route=%2Fwp%2Fv2%2Ftags&post=31176"}],"curies":[{"name":"wp","href":"https:\/\/api.w.org\/{rel}","templated":true}]}}