{"id":31049,"date":"2021-07-29T07:47:59","date_gmt":"2021-07-29T05:47:59","guid":{"rendered":"http:\/\/www.leblogdescoutheillas.com\/?p=31049"},"modified":"2023-04-10T13:41:27","modified_gmt":"2023-04-10T11:41:27","slug":"marius-en-3-dimensions","status":"publish","type":"post","link":"https:\/\/www.leblogdescoutheillas.com\/?p=31049","title":{"rendered":"Marius en 3 dimensions"},"content":{"rendered":"<p style=\"text-align: justify;\"><span style=\"color: #0000ff;\"><strong>Je suis pr\u00eat \u00e0 parier qu&rsquo;\u00e0 moins d&rsquo;avoir lu le JdC dans son \u00e9dition du 22 novembre 2016, vous ne connaissiez \u00a0pas la v\u00e9rit\u00e9 sur le tournage du film Marius. la voici \u00e0 nouveau.<\/strong><\/span><\/p>\n<p style=\"text-align: center;\"><span style=\"color: #0000ff;\"><strong>*<\/strong><\/span><\/p>\n<p style=\"text-align: justify;\"><span style=\"color: #0000ff;\"><em>Dans Cin\u00e9maturgie de Paris, un livre que j&rsquo;ai d\u00e9j\u00e0 eu l&rsquo;occasion de vous recommander, Pagnol raconte comment la version de sa fameuse pi\u00e8ce de th\u00e9\u00e2tre Marius f\u00fbt finalement tourn\u00e9e ainsi que vous la connaissez.<\/em><\/span><\/p>\n<p style=\"text-align: justify;\"><span style=\"color: #0000ff;\"><em>La pi\u00e8ce connaissait un \u00e9norme succ\u00e8s, jou\u00e9e sans interruption depuis deux ans par Raimu, Fresnay, Charpin, enfin ceux que vous connaissez.<br \/>\nBob Kane, patron de la Paramount en France voulait tourner la pi\u00e8ce, mais il consid\u00e9rait que des com\u00e9diens de th\u00e9\u00e2tre n\u2019\u00e9taient pas capables de jouer dans un film parlant, ou plut\u00f4t <!--more--><\/em><\/span><\/p>\n<p><span style=\"color: #0000ff;\"><em>pas capables d\u2019attirer le public.<\/em><\/span><br \/>\n<span style=\"color: #0000ff;\"><em>Les noms qu\u2019il citait pour tourner le film ne vous diraient rien ou pas grand-chose aujourd\u2019hui, mais c\u2019\u00e9taient ceux de v\u00e9ritables vedettes du cin\u00e9ma de l\u2019\u00e9poque.<\/em><\/span><br \/>\n<span style=\"color: #0000ff;\"><em>Pagnol se battit tr\u00e8s fort pour imposer les com\u00e9diens qui jouaient sa pi\u00e8ce et il obtint gain de cause. Voici ce que lui dit Kane (La sc\u00e8ne se passe en 1931 et c\u2019est Pagnol qui raconte)\u00a0:<\/em><\/span><\/p>\n<p style=\"text-align: justify;\"><em>\u00a0 \u00a0 \u00a0 \u2014\u00a0<\/em>Voici, me dit-il, ce qui est convenu. Tu seras le superviseur de la production fran\u00e7aise, et tu auras pour collaborateur Alexandre Korda. Le film sera jou\u00e9 par tes acteurs puisque tu y tiens. De plus j\u2019accepte de te donner des droits d\u2019auteur sur les recettes, ce qui me vaudra de vifs reproches t\u00e9l\u00e9graphiques de la part d\u2019Hollywood. Mais, en \u00e9change de ces sacrifices, tu m\u2019autorises \u00e0 tourner comme il me plaira une version allemande et une version su\u00e9doise de ton film. Je ferai, pour ces versions, les coupures qui me paraitront n\u00e9cessaires, je choisirai les acteurs \u00e0 mon go\u00fbt, je changerai le titre, bref, tu me laisses une enti\u00e8re libert\u00e9. Es-tu d\u2019accord\u00a0?<\/p>\n<p style=\"text-align: justify;\">Je ne discutai rien. Je pouvais, enfin, faire un film fran\u00e7ais \u00e0 ma guise\u00a0: les versions \u00e9trang\u00e8res m\u2019importaient peu.<\/p>\n<p style=\"text-align: justify;\">(\u2026) Le film f\u00fbt termin\u00e9 en cinq semaines. La projection durait deux heures, et c\u2019\u00e9tait le plus long film qu\u2019on e\u00fbt jamais r\u00e9alis\u00e9.<\/p>\n<p style=\"text-align: justify;\">Au cours d\u2019une conf\u00e9rence, tous les chefs de service &#8211; am\u00e9ricains ou fran\u00e7ais \u2013 se d\u00e9clar\u00e8rent horrifi\u00e9s par la longueur des dialogues et pr\u00e9tendirent qu\u2019il fallait en couper au moins quarante minutes. (\u2026)<\/p>\n<p style=\"text-align: justify;\">De plus, il \u00e9tait tr\u00e8s clair et tr\u00e8s \u00e9vident pour tout le monde que les v\u00e9ritables films de Marius \u00e9taient la version su\u00e9doise et la version allemande, qui avaient \u00e9t\u00e9 r\u00e9alis\u00e9es avec de vrais acteurs de cin\u00e9ma, un vrai <em>treatment<\/em> (c&rsquo;est-\u00e0-dire que le <em>sc\u00e9nario department<\/em> avait rendu la pi\u00e8ce m\u00e9connaissable), un vrai d\u00e9coupage (c&rsquo;est-\u00e0-dire que la plus longue des prises de vues ne d\u00e9passait pas trente secondes) et une vraie \u00ab\u00a0mise en sc\u00e8ne\u00a0\u00bb(c\u2019est \u00e0 dire que l\u2019appareil s\u2019\u00e9tait continuellement promen\u00e9 \u00e0 travers le d\u00e9cor comme s\u2019il tournai autour du pot.)<\/p>\n<p style=\"text-align: justify;\">Pour la version fran\u00e7aise, elle \u00e9tait consid\u00e9r\u00e9e comme un ouvrage d\u2019amateurs (\u2026) la vie de ce navet devait \u00eatre courte, on en serait quitte pour une semaine de ricanements&#8230;<\/p>\n<p style=\"text-align: justify;\"><span style=\"color: #0000ff;\"><em>Il y eu donc trois versions tourn\u00e9es simultan\u00e9ment. Les versions su\u00e9doise et allemande connurent chacune un four \u00e9tourdissant. On sait ce qu\u2019il advint de la version fran\u00e7aise\u2026<\/em><\/span><\/p>\n<p><span style=\"color: #ff0000;\"><strong>Bient\u00f4t publi\u00e9<\/strong><\/span><\/p>\n<p><span style=\"color: #ff0000;\"><strong>30 Juil, 07:47 Tableau 358<\/strong><\/span><br \/>\n<span style=\"color: #ff0000;\"><strong>31 Juil, 07:47 Le Cujas (85)<\/strong><\/span><br \/>\n<span style=\"color: #ff0000;\"><strong>1 Ao\u00fbt, 07:47 La col\u00e8re d\u2019Ulysse<\/strong><\/span><br \/>\n<span style=\"color: #ff0000;\"><strong>2 Ao\u00fbt, 07:47 Monopoly 2.0<\/strong><\/span><\/p>\n","protected":false},"excerpt":{"rendered":"<p>Je suis pr\u00eat \u00e0 parier qu&rsquo;\u00e0 moins d&rsquo;avoir lu le JdC dans son \u00e9dition du 22 novembre 2016, vous ne connaissiez \u00a0pas la v\u00e9rit\u00e9 sur le tournage du film Marius. la voici \u00e0 nouveau. * Dans Cin\u00e9maturgie de Paris, un livre que j&rsquo;ai d\u00e9j\u00e0 eu l&rsquo;occasion de vous recommander, Pagnol raconte comment la version de &hellip; <a href=\"https:\/\/www.leblogdescoutheillas.com\/?p=31049\" class=\"more-link\">Continuer la lecture de <span class=\"screen-reader-text\">Marius en 3 dimensions<\/span> <span class=\"meta-nav\">&rarr;<\/span><\/a><\/p>\n","protected":false},"author":1,"featured_media":0,"comment_status":"open","ping_status":"open","sticky":false,"template":"","format":"standard","meta":{"_mo_disable_npp":"","jetpack_post_was_ever_published":false,"_jetpack_newsletter_access":"","_jetpack_dont_email_post_to_subs":false,"_jetpack_newsletter_tier_id":0,"_jetpack_memberships_contains_paywalled_content":false,"_jetpack_memberships_contains_paid_content":false,"footnotes":"","jetpack_publicize_message":"","jetpack_publicize_feature_enabled":true,"jetpack_social_post_already_shared":false,"jetpack_social_options":{"image_generator_settings":{"template":"highway","default_image_id":0,"font":"","enabled":false},"version":2}},"categories":[4],"tags":[1057,1056,1055],"class_list":["post-31049","post","type-post","status-publish","format-standard","hentry","category-citations","tag-korda","tag-marius","tag-pagnol"],"jetpack_publicize_connections":[],"jetpack_featured_media_url":"","jetpack_sharing_enabled":true,"_links":{"self":[{"href":"https:\/\/www.leblogdescoutheillas.com\/index.php?rest_route=\/wp\/v2\/posts\/31049","targetHints":{"allow":["GET"]}}],"collection":[{"href":"https:\/\/www.leblogdescoutheillas.com\/index.php?rest_route=\/wp\/v2\/posts"}],"about":[{"href":"https:\/\/www.leblogdescoutheillas.com\/index.php?rest_route=\/wp\/v2\/types\/post"}],"author":[{"embeddable":true,"href":"https:\/\/www.leblogdescoutheillas.com\/index.php?rest_route=\/wp\/v2\/users\/1"}],"replies":[{"embeddable":true,"href":"https:\/\/www.leblogdescoutheillas.com\/index.php?rest_route=%2Fwp%2Fv2%2Fcomments&post=31049"}],"version-history":[{"count":0,"href":"https:\/\/www.leblogdescoutheillas.com\/index.php?rest_route=\/wp\/v2\/posts\/31049\/revisions"}],"wp:attachment":[{"href":"https:\/\/www.leblogdescoutheillas.com\/index.php?rest_route=%2Fwp%2Fv2%2Fmedia&parent=31049"}],"wp:term":[{"taxonomy":"category","embeddable":true,"href":"https:\/\/www.leblogdescoutheillas.com\/index.php?rest_route=%2Fwp%2Fv2%2Fcategories&post=31049"},{"taxonomy":"post_tag","embeddable":true,"href":"https:\/\/www.leblogdescoutheillas.com\/index.php?rest_route=%2Fwp%2Fv2%2Ftags&post=31049"}],"curies":[{"name":"wp","href":"https:\/\/api.w.org\/{rel}","templated":true}]}}