{"id":30295,"date":"2021-06-09T16:47:26","date_gmt":"2021-06-09T14:47:26","guid":{"rendered":"http:\/\/www.leblogdescoutheillas.com\/?p=30295"},"modified":"2021-05-06T18:36:47","modified_gmt":"2021-05-06T16:36:47","slug":"rendez-vous-a-cinq-heures-dans-la-grace","status":"publish","type":"post","link":"https:\/\/www.leblogdescoutheillas.com\/?p=30295","title":{"rendered":"Rendez-vous \u00e0 cinq heures dans la gr\u00e2ce"},"content":{"rendered":"<p style=\"text-align: justify;\"><strong style=\"color: #800080; text-align: justify;\"><em>La page de 16h47 est ouverte&#8230;<\/em><\/strong><\/p>\n<p style=\"text-align: justify;\"><img loading=\"lazy\" decoding=\"async\" class=\"aligncenter size-full wp-image-23460\" src=\"http:\/\/www.leblogdescoutheillas.com\/wp-content\/uploads\/2020\/05\/TASSE-DE-THE%CC%81.jpg\" alt=\"\" width=\"100\" height=\"127\" \/><\/p>\n<p style=\"text-align: center;\"><em><span style=\"color: #0000ff;\"><strong>dans la gr\u00e2ce&#8230;<\/strong><\/span><\/em><\/p>\n<p>Ne nous f\u00e2chons pas est un film de 1966, sign\u00e9 par Georges Lautner et dialogu\u00e9 bien s\u00fbr par Michel Audiard. Cette petite sc\u00e8ne est tr\u00e8s r\u00e9v\u00e9latrice du style du film : d\u00e9calage, undertstament, humour \u00e0 froid et noir. Un bon souvenir. Heureusement il repasse de temps en temps.<\/p>\n<p><iframe loading=\"lazy\" title=\"Ne nous f\u00e2chons pas (1966) - Non-violence, persuasion, gr\u00e2ce\" width=\"604\" height=\"340\" src=\"https:\/\/www.youtube.com\/embed\/iS28e4pJrX8?feature=oembed\" frameborder=\"0\" allow=\"accelerometer; autoplay; clipboard-write; encrypted-media; gyroscope; picture-in-picture; web-share\" referrerpolicy=\"strict-origin-when-cross-origin\" allowfullscreen><\/iframe><\/p>\n","protected":false},"excerpt":{"rendered":"<p>La page de 16h47 est ouverte&#8230; dans la gr\u00e2ce&#8230; Ne nous f\u00e2chons pas est un film de 1966, sign\u00e9 par Georges Lautner et dialogu\u00e9 bien s\u00fbr par Michel Audiard. Cette petite sc\u00e8ne est tr\u00e8s r\u00e9v\u00e9latrice du style du film : d\u00e9calage, undertstament, humour \u00e0 froid et noir. Un bon souvenir. Heureusement il repasse de temps &hellip; <a href=\"https:\/\/www.leblogdescoutheillas.com\/?p=30295\" class=\"more-link\">Continuer la lecture de <span class=\"screen-reader-text\">Rendez-vous \u00e0 cinq heures dans la gr\u00e2ce<\/span> <span class=\"meta-nav\">&rarr;<\/span><\/a><\/p>\n","protected":false},"author":1,"featured_media":0,"comment_status":"open","ping_status":"open","sticky":false,"template":"","format":"standard","meta":{"_mo_disable_npp":"","_jetpack_newsletter_access":"","_jetpack_dont_email_post_to_subs":false,"_jetpack_newsletter_tier_id":0,"_jetpack_memberships_contains_paywalled_content":false,"_jetpack_feature_clip_id":0,"_jetpack_memberships_contains_paid_content":false,"footnotes":"","jetpack_publicize_message":"","jetpack_publicize_feature_enabled":true,"jetpack_social_post_already_shared":false,"jetpack_social_options":{"image_generator_settings":{"template":"highway","default_image_id":0,"font":"","enabled":false},"version":2},"jetpack_post_was_ever_published":false},"categories":[6],"tags":[],"class_list":["post-30295","post","type-post","status-publish","format-standard","hentry","category-news"],"jetpack_publicize_connections":[],"jetpack_sharing_enabled":true,"jetpack_featured_media_url":"","_links":{"self":[{"href":"https:\/\/www.leblogdescoutheillas.com\/index.php?rest_route=\/wp\/v2\/posts\/30295","targetHints":{"allow":["GET"]}}],"collection":[{"href":"https:\/\/www.leblogdescoutheillas.com\/index.php?rest_route=\/wp\/v2\/posts"}],"about":[{"href":"https:\/\/www.leblogdescoutheillas.com\/index.php?rest_route=\/wp\/v2\/types\/post"}],"author":[{"embeddable":true,"href":"https:\/\/www.leblogdescoutheillas.com\/index.php?rest_route=\/wp\/v2\/users\/1"}],"replies":[{"embeddable":true,"href":"https:\/\/www.leblogdescoutheillas.com\/index.php?rest_route=%2Fwp%2Fv2%2Fcomments&post=30295"}],"version-history":[{"count":0,"href":"https:\/\/www.leblogdescoutheillas.com\/index.php?rest_route=\/wp\/v2\/posts\/30295\/revisions"}],"wp:attachment":[{"href":"https:\/\/www.leblogdescoutheillas.com\/index.php?rest_route=%2Fwp%2Fv2%2Fmedia&parent=30295"}],"wp:term":[{"taxonomy":"category","embeddable":true,"href":"https:\/\/www.leblogdescoutheillas.com\/index.php?rest_route=%2Fwp%2Fv2%2Fcategories&post=30295"},{"taxonomy":"post_tag","embeddable":true,"href":"https:\/\/www.leblogdescoutheillas.com\/index.php?rest_route=%2Fwp%2Fv2%2Ftags&post=30295"}],"curies":[{"name":"wp","href":"https:\/\/api.w.org\/{rel}","templated":true}]}}