{"id":30188,"date":"2021-05-10T16:47:38","date_gmt":"2021-05-10T14:47:38","guid":{"rendered":"http:\/\/www.leblogdescoutheillas.com\/?p=30188"},"modified":"2021-05-11T08:00:22","modified_gmt":"2021-05-11T06:00:22","slug":"rendez-vous-a-cinq-heures-rue-durouchoux","status":"publish","type":"post","link":"https:\/\/www.leblogdescoutheillas.com\/?p=30188","title":{"rendered":"Rendez-vous \u00e0 cinq heures rue Durouchoux"},"content":{"rendered":"<p style=\"text-align: justify;\"><strong style=\"color: #800080; text-align: justify;\"><em>La page de 16h47 est ouverte&#8230;<\/em><\/strong><\/p>\n<p style=\"text-align: justify;\"><img loading=\"lazy\" decoding=\"async\" class=\"aligncenter size-full wp-image-23460\" src=\"http:\/\/www.leblogdescoutheillas.com\/wp-content\/uploads\/2020\/05\/TASSE-DE-THE%CC%81.jpg\" alt=\"\" width=\"100\" height=\"127\" \/><\/p>\n<p style=\"text-align: center;\"><span style=\"color: #0000ff;\"><strong>Rue Durouchoux<\/strong><\/span><\/p>\n<p style=\"text-align: justify;\">Durouchoux \u00e9tait le nom d\u2019une rue o\u00f9 j\u2019allais \u00e0 l\u2019\u00e9cole maternelle dans les douces ann\u00e9es (pour les enfants) cinquante. Ce nom me faisait penser aux choux \u00e0 la cr\u00e8me et je ne l\u2019ai jamais oubli\u00e9. En passant r\u00e9cemment dans ce quartier, je me suis aper\u00e7u que la rue <a href=\"http:\/\/www.leblogdescoutheillas.com\/?attachment_id=30197\" rel=\"attachment wp-att-30197\"><img loading=\"lazy\" decoding=\"async\" class=\"size-medium wp-image-30197 alignleft\" src=\"http:\/\/www.leblogdescoutheillas.com\/wp-content\/uploads\/2021\/04\/Capture-decran-2021-04-30-a-16.56.17-300x234.png\" alt=\"\" width=\"300\" height=\"234\" srcset=\"https:\/\/www.leblogdescoutheillas.com\/wp-content\/uploads\/2021\/04\/Capture-decran-2021-04-30-a-16.56.17-300x234.png 300w, https:\/\/www.leblogdescoutheillas.com\/wp-content\/uploads\/2021\/04\/Capture-decran-2021-04-30-a-16.56.17.png 727w\" sizes=\"auto, (max-width: 300px) 100vw, 300px\" \/><\/a>Durouchoux, longeant \u00e0 son grand tort la Mairie du XIV \u00e8me arrondissement, avait \u00e9t\u00e9 <a href=\"http:\/\/www.leblogdescoutheillas.com\/?attachment_id=30197\" rel=\"attachment wp-att-30197\"><br \/>\n<\/a>d\u00e9baptis\u00e9e au profit d\u2019un \u00e9lu socialiste r\u00e9cent, monsieur Castagnou. Intrigu\u00e9, je suis all\u00e9 me renseigner sur Internet.<br \/>\n<em>Le lundi 22 mai 1871, \u00e0 7 heures du matin, une barricade s&rsquo;\u00e9l\u00e8ve au croisement entre la rue du Bac et la rue de Grenelle. A plus de 62 ans, d\u00e9fendant son commerce, Pierre Durouchoux s&rsquo;\u00e9lance avec <!--more--><\/em><\/p>\n<p><em>7 personnes r\u00e9unies \u00e0 la h\u00e2te et emporte la barricade, faisant un prisonnier. Le m\u00eame jour, il est bless\u00e9 en patrouillant rue de Saint-Simon. Le 3 juin, il re\u00e7oit en pleine connaissance les derniers sacrements et expire dans la soir\u00e9e. Il est d\u00e9cor\u00e9 de la l\u00e9gion d&rsquo;honneur par d\u00e9cret du 25 mai 1871, sur proposition du minist\u00e8re de la Guerre.<\/em><br \/>\n<em>Pierre Marie Thomas Durouchoux, colonel de la Garde nationale, est tu\u00e9 lors de la d\u00e9fense de Paris en mai 1871, emp\u00eachant que son quartier ne soit br\u00fbl\u00e9 par des r\u00e9volutionnaires de la Commune.<\/em><br \/>\nEn r\u00e9sum\u00e9 et de fa\u00e7on didactique, Monsieur Durouchoux n\u2019a fait que son devoir en d\u00e9fendant ses prot\u00e9g\u00e9s parisiens contre la folie meurtri\u00e8re des communards. C\u2019est cette action qui a \u00e9t\u00e9 jug\u00e9e infamante par les \u00e9lus socialistes cent cinquante ans plus tard. Il avait pourtant re\u00e7u la L\u00e9gion d\u2019Honneur avant d\u2019\u00eatre tu\u00e9 par les communards sur les barricades. On ne sait d\u2019ailleurs pas tr\u00e8s bien si cette d\u00e9cision condamne un comportement jug\u00e9 r\u00e9pr\u00e9hensible bien que fond\u00e9 au vu de la Loi ou v\u00e9n\u00e8re la notori\u00e9t\u00e9 tardive et l\u2019h\u00e9ro\u00efsme r\u00e9volutionnaire des communards. Toujours est-il que cette d\u00e9cision, \u00e0 mon avis partisane et irrecevable, prise par la Mairie de Paris, devrait faire jurisprudence et s\u2019appliquer \u00e0 tous les lieux qui portent des noms d\u2019hommes responsables d\u2019actions criminelles r\u00e9prouv\u00e9es par la morale contemporaine et encore moins d\u00e9fendables que monsieur Durouchoux. Cela fait beaucoup de lieux \u00e0 d\u00e9baptiser &#8230;<br \/>\nD\u2019abord et en premier, tous ceux qui se nomment Bonaparte ou Napol\u00e9on, ensuite les boulevards des Mar\u00e9chaux, puis toutes les avenues et rues au nom de G\u00e9n\u00e9raux, dont Leclerc et Lyautey, d\u2019horribles colonialistes, et toutes celles portant des noms de militaires. Des r\u00e9gions devraient changer de nom en raison de leur pass\u00e9 mortif\u00e8re comme la Vend\u00e9e parce que les guerres de Vend\u00e9e, ce n\u2019\u00e9tait pas joli joli, ou la Marne \u00e0 cause de la triste bataille. En raison des exactions de leurs acteurs r\u00e9volutionnaires, il faudrait aussi changer le nom de la Gironde et supprimer de notre vocabulaire la montagne. Nous d\u00e9baptiserons aussi l\u2019Alsace et la Lorraine r\u00e9cup\u00e9r\u00e9es au prix d\u2019une h\u00e9catombe et la Normandie \u00e0 cause du sort de gamins \u00e9trangers jet\u00e9s sur ses plages pour s\u2019y faire tuer.<br \/>\nEnfin, je me demande si les m\u00eames socialistes moralisateurs iront jusqu\u2019\u00e0 r\u00e9habiliter le Mar\u00e9chal P\u00e9tain qui, en d\u00e9cidant l\u2019armistice, a \u00e9vit\u00e9 une h\u00e9catombe meurtri\u00e8re dans l\u2019arm\u00e9e fran\u00e7aise compos\u00e9e exclusivement de prol\u00e9taires.<br \/>\nJe m\u2019\u00e9tonne qu\u2019il y ait deux poids deux mesures. Certains, comme Monsieur Mitterrand, ont \u00e9t\u00e9 pardonn\u00e9s d\u2019avoir commis des erreurs de jeunesse alors que Monsieur Durouchoux, peut-\u00eatre trop \u00e2g\u00e9 au moment des faits qui lui sont reproch\u00e9s, n\u2019a pas b\u00e9n\u00e9fici\u00e9 de la m\u00eame cl\u00e9mence.<!--more--><!--more--><\/p>\n<p style=\"text-align: justify;\">Juger a posteriori est une malhonn\u00eate intellectuelle et condamner a posteriori est un crime moral.<\/p>\n<p style=\"text-align: justify;\">Le probl\u00e8me va se poser de trouver des noms de remplacement parce qu\u2019il va en falloir beaucoup. Pour rester tout \u00e0 fait impartial, je propose de donner simplement des num\u00e9ros. Je me suis gar\u00e9 devant le 28 de la rue 592, ou bien, j\u2019ai pass\u00e9 mes vacances dans la tr\u00e8s belle r\u00e9gion num\u00e9ro 11 o\u00f9 la temp\u00e9rature inhabituelle cet \u00e9t\u00e9 nous a permis de mettre les pieds dans l\u2019eau (vous avez devin\u00e9 que la r\u00e9gion 11 est la Bretagne). Et puis, pour \u00eatre tout \u00e0 fait inattaquable, il faudra demander \u00e0 tous les pays \u00e9trangers quels sont leurs souhaits concernant les personnages de l\u2019Histoire de France dont ils ne sont pas satisfaits. L\u00e0 encore, Napol\u00e9on risque de se retourner dans sa tombe. Laquelle tombe devrait d\u2019ailleurs \u00eatre restitu\u00e9e aux Corses m\u00eame si \u00e7a ne sera pas commode d\u2019obtenir leur accord ni de la transporter, vu son volume et son poids.<\/p>\n<p><span style=\"color: #0000ff;\"><em>Lorenzo dell&rsquo;Acqua<\/em><\/span><\/p>\n","protected":false},"excerpt":{"rendered":"<p>La page de 16h47 est ouverte&#8230; Rue Durouchoux Durouchoux \u00e9tait le nom d\u2019une rue o\u00f9 j\u2019allais \u00e0 l\u2019\u00e9cole maternelle dans les douces ann\u00e9es (pour les enfants) cinquante. Ce nom me faisait penser aux choux \u00e0 la cr\u00e8me et je ne l\u2019ai jamais oubli\u00e9. En passant r\u00e9cemment dans ce quartier, je me suis aper\u00e7u que la &hellip; <a href=\"https:\/\/www.leblogdescoutheillas.com\/?p=30188\" class=\"more-link\">Continuer la lecture de <span class=\"screen-reader-text\">Rendez-vous \u00e0 cinq heures rue Durouchoux<\/span> <span class=\"meta-nav\">&rarr;<\/span><\/a><\/p>\n","protected":false},"author":1,"featured_media":0,"comment_status":"open","ping_status":"open","sticky":false,"template":"","format":"standard","meta":{"_mo_disable_npp":"","jetpack_post_was_ever_published":false,"_jetpack_newsletter_access":"","_jetpack_dont_email_post_to_subs":false,"_jetpack_newsletter_tier_id":0,"_jetpack_memberships_contains_paywalled_content":false,"_jetpack_memberships_contains_paid_content":false,"footnotes":"","jetpack_publicize_message":"","jetpack_publicize_feature_enabled":true,"jetpack_social_post_already_shared":false,"jetpack_social_options":{"image_generator_settings":{"template":"highway","default_image_id":0,"font":"","enabled":false},"version":2}},"categories":[6],"tags":[1372],"class_list":["post-30188","post","type-post","status-publish","format-standard","hentry","category-news","tag-lorenzo"],"jetpack_publicize_connections":[],"jetpack_featured_media_url":"","jetpack_sharing_enabled":true,"_links":{"self":[{"href":"https:\/\/www.leblogdescoutheillas.com\/index.php?rest_route=\/wp\/v2\/posts\/30188","targetHints":{"allow":["GET"]}}],"collection":[{"href":"https:\/\/www.leblogdescoutheillas.com\/index.php?rest_route=\/wp\/v2\/posts"}],"about":[{"href":"https:\/\/www.leblogdescoutheillas.com\/index.php?rest_route=\/wp\/v2\/types\/post"}],"author":[{"embeddable":true,"href":"https:\/\/www.leblogdescoutheillas.com\/index.php?rest_route=\/wp\/v2\/users\/1"}],"replies":[{"embeddable":true,"href":"https:\/\/www.leblogdescoutheillas.com\/index.php?rest_route=%2Fwp%2Fv2%2Fcomments&post=30188"}],"version-history":[{"count":0,"href":"https:\/\/www.leblogdescoutheillas.com\/index.php?rest_route=\/wp\/v2\/posts\/30188\/revisions"}],"wp:attachment":[{"href":"https:\/\/www.leblogdescoutheillas.com\/index.php?rest_route=%2Fwp%2Fv2%2Fmedia&parent=30188"}],"wp:term":[{"taxonomy":"category","embeddable":true,"href":"https:\/\/www.leblogdescoutheillas.com\/index.php?rest_route=%2Fwp%2Fv2%2Fcategories&post=30188"},{"taxonomy":"post_tag","embeddable":true,"href":"https:\/\/www.leblogdescoutheillas.com\/index.php?rest_route=%2Fwp%2Fv2%2Ftags&post=30188"}],"curies":[{"name":"wp","href":"https:\/\/api.w.org\/{rel}","templated":true}]}}