{"id":29455,"date":"2021-03-21T16:47:44","date_gmt":"2021-03-21T15:47:44","guid":{"rendered":"http:\/\/www.leblogdescoutheillas.com\/?p=29455"},"modified":"2021-03-22T06:35:10","modified_gmt":"2021-03-22T05:35:10","slug":"rendez-vous-a-cinq-heures-el-misti-guy","status":"publish","type":"post","link":"https:\/\/www.leblogdescoutheillas.com\/?p=29455","title":{"rendered":"Rendez-vous \u00e0 cinq heures : El Misti  Guy"},"content":{"rendered":"<p style=\"text-align: justify;\"><strong style=\"color: #800080; text-align: justify;\"><em>La page de 16h47 est ouverte&#8230;<\/em><\/strong><\/p>\n<p style=\"text-align: justify;\"><img loading=\"lazy\" decoding=\"async\" class=\"aligncenter size-full wp-image-23460\" src=\"http:\/\/www.leblogdescoutheillas.com\/wp-content\/uploads\/2020\/05\/TASSE-DE-THE%CC%81.jpg\" alt=\"\" width=\"100\" height=\"127\" \/><\/p>\n<p style=\"text-align: center;\"><span style=\"color: #0000ff;\"><span style=\"caret-color: #0000ff;\"><b><i>El Misti Guy<br \/>\n<\/i><\/b><i>Guy<\/i><\/span><\/span><\/p>\n<p style=\"text-align: center;\"><span style=\"color: #0000ff;\"><span style=\"caret-color: #0000ff;\"><b><i><a href=\"http:\/\/www.leblogdescoutheillas.com\/?attachment_id=29458\" rel=\"attachment wp-att-29458\"><img loading=\"lazy\" decoding=\"async\" class=\"aligncenter size-large wp-image-29458\" src=\"http:\/\/www.leblogdescoutheillas.com\/wp-content\/uploads\/2021\/03\/Volcano_Misti_Peru-960x539.jpg\" alt=\"\" width=\"604\" height=\"339\" srcset=\"https:\/\/www.leblogdescoutheillas.com\/wp-content\/uploads\/2021\/03\/Volcano_Misti_Peru-960x539.jpg 960w, https:\/\/www.leblogdescoutheillas.com\/wp-content\/uploads\/2021\/03\/Volcano_Misti_Peru-300x169.jpg 300w, https:\/\/www.leblogdescoutheillas.com\/wp-content\/uploads\/2021\/03\/Volcano_Misti_Peru-768x431.jpg 768w, https:\/\/www.leblogdescoutheillas.com\/wp-content\/uploads\/2021\/03\/Volcano_Misti_Peru.jpg 1280w\" sizes=\"auto, (max-width: 604px) 100vw, 604px\" \/><\/a><br \/>\n<\/i><\/b><\/span><\/span><\/p>\n<p style=\"text-align: justify;\">El Misti, pas le V\u00e9suve, un volcan\u00a0en activit\u00e9, plut\u00f4t calme, qui domine de 3000 m, Arequipa, m\u00e9gapole du sud du P\u00e9rou, de 1,2 Mns habitants.<br \/>\nArchitecture hispanique coloniale en tuf blanc.<br \/>\nPopulation quechua et lamas dans les rues.<br \/>\nD\u00e9paysement assur\u00e9 et, avec l&rsquo;altitude, 2400 m,\u00a0 t\u00eate un peu vide (je venais de Rio) , ce qui \u00e9tait <!--more-->g\u00eanant pour pr\u00e9parer l&rsquo; expos\u00e9 \u00e0 l&rsquo;h\u00f4tel destin\u00e9 aux ing\u00e9nieurs locaux.<\/p>\n<p style=\"text-align: justify;\">Revenant au volcan anxiog\u00e8ne, il\u00a0\u00e9tait d\u00e9j\u00e0 l\u00e0 quand\u00a0les Espagnols s&rsquo;y install\u00e8rent mais ils ont d\u00fb s&rsquo;habituer.<br \/>\nD&rsquo;ailleurs, pas de bobo lors de la derni\u00e8re \u00e9ruption\u00a0de 2015.<br \/>\nLes Romains ont fait de m\u00eame \u00e0 Herculanum et Pomp\u00e9i,\u00a0mais l\u00e0 du bobo.<br \/>\nAlors, pas de panique ?<br \/>\nExpos\u00e9 en portugais (apr\u00e8s d\u00e9j\u00e0 deux ans \u00e0 Rio), voisin de l&rsquo;espagnol que j&rsquo;ignore.<br \/>\nPas de questions \u00e0 l&rsquo;arriv\u00e9e.<br \/>\nJe pr\u00e9f\u00e8re penser que j&rsquo;\u00e9tais bon.<\/p>\n<div>\n<div style=\"text-align: justify;\"><\/div>\n<\/div>\n<p><span style=\"color: #ff0000;\"><strong>Bient\u00f4t publi\u00e9<\/strong><\/span><\/p>\n<p><span style=\"color: #ff0000;\"><strong>Demain, 07:47 Noe Valley<\/strong><\/span><br \/>\n<span style=\"color: #ff0000;\"><strong>23 Mar, 07:47 La Lune<\/strong><\/span><br \/>\n<span style=\"color: #ff0000;\"><strong>24 Mar, 07:47 Le Cujas (47)<\/strong><\/span><br \/>\n<span style=\"color: #ff0000;\"><strong>25 Mar, 07:47 Bons num\u00e9ros (1)<\/strong><\/span><\/p>\n","protected":false},"excerpt":{"rendered":"<p>La page de 16h47 est ouverte&#8230; El Misti Guy Guy El Misti, pas le V\u00e9suve, un volcan\u00a0en activit\u00e9, plut\u00f4t calme, qui domine de 3000 m, Arequipa, m\u00e9gapole du sud du P\u00e9rou, de 1,2 Mns habitants. Architecture hispanique coloniale en tuf blanc. Population quechua et lamas dans les rues. D\u00e9paysement assur\u00e9 et, avec l&rsquo;altitude, 2400 m,\u00a0 &hellip; <a href=\"https:\/\/www.leblogdescoutheillas.com\/?p=29455\" class=\"more-link\">Continuer la lecture de <span class=\"screen-reader-text\">Rendez-vous \u00e0 cinq heures : El Misti  Guy<\/span> <span class=\"meta-nav\">&rarr;<\/span><\/a><\/p>\n","protected":false},"author":1,"featured_media":0,"comment_status":"open","ping_status":"open","sticky":false,"template":"","format":"standard","meta":{"_mo_disable_npp":"","jetpack_post_was_ever_published":false,"_jetpack_newsletter_access":"","_jetpack_dont_email_post_to_subs":false,"_jetpack_newsletter_tier_id":0,"_jetpack_memberships_contains_paywalled_content":false,"_jetpack_memberships_contains_paid_content":false,"footnotes":"","jetpack_publicize_message":"","jetpack_publicize_feature_enabled":true,"jetpack_social_post_already_shared":false,"jetpack_social_options":{"image_generator_settings":{"template":"highway","default_image_id":0,"font":"","enabled":false},"version":2}},"categories":[3,12,2],"tags":[1571],"class_list":["post-29455","post","type-post","status-publish","format-standard","hentry","category-photos","category-recit","category-textes","tag-guy"],"jetpack_publicize_connections":[],"jetpack_featured_media_url":"","jetpack_sharing_enabled":true,"_links":{"self":[{"href":"https:\/\/www.leblogdescoutheillas.com\/index.php?rest_route=\/wp\/v2\/posts\/29455","targetHints":{"allow":["GET"]}}],"collection":[{"href":"https:\/\/www.leblogdescoutheillas.com\/index.php?rest_route=\/wp\/v2\/posts"}],"about":[{"href":"https:\/\/www.leblogdescoutheillas.com\/index.php?rest_route=\/wp\/v2\/types\/post"}],"author":[{"embeddable":true,"href":"https:\/\/www.leblogdescoutheillas.com\/index.php?rest_route=\/wp\/v2\/users\/1"}],"replies":[{"embeddable":true,"href":"https:\/\/www.leblogdescoutheillas.com\/index.php?rest_route=%2Fwp%2Fv2%2Fcomments&post=29455"}],"version-history":[{"count":0,"href":"https:\/\/www.leblogdescoutheillas.com\/index.php?rest_route=\/wp\/v2\/posts\/29455\/revisions"}],"wp:attachment":[{"href":"https:\/\/www.leblogdescoutheillas.com\/index.php?rest_route=%2Fwp%2Fv2%2Fmedia&parent=29455"}],"wp:term":[{"taxonomy":"category","embeddable":true,"href":"https:\/\/www.leblogdescoutheillas.com\/index.php?rest_route=%2Fwp%2Fv2%2Fcategories&post=29455"},{"taxonomy":"post_tag","embeddable":true,"href":"https:\/\/www.leblogdescoutheillas.com\/index.php?rest_route=%2Fwp%2Fv2%2Ftags&post=29455"}],"curies":[{"name":"wp","href":"https:\/\/api.w.org\/{rel}","templated":true}]}}