{"id":28484,"date":"2021-02-11T07:47:19","date_gmt":"2021-02-11T06:47:19","guid":{"rendered":"http:\/\/www.leblogdescoutheillas.com\/?p=28484"},"modified":"2021-02-11T16:54:56","modified_gmt":"2021-02-11T15:54:56","slug":"28484","status":"publish","type":"post","link":"https:\/\/www.leblogdescoutheillas.com\/?p=28484","title":{"rendered":"\u00bf TAVUSSA ? (74) &#8211; L&rsquo;h\u00e9ritage Hidalgo"},"content":{"rendered":"<p><b>C\u2019est presque \u00e9vident : Anne Hidalgo sera candidate aux prochaines pr\u00e9sidentielles.<span class=\"Apple-converted-space\">\u00a0<\/span><\/b><\/p>\n<p>Quand, un jour,<span class=\"Apple-converted-space\">\u00a0 <\/span>vous aurez \u00e0 voter, souvenez-vous bien de ce que Paris lui doit :<\/p>\n<p>Quelques accessoires de douche en guise de fontaines au Rond-Point des Champs-Elys\u00e9es:<a href=\"http:\/\/www.leblogdescoutheillas.com\/?attachment_id=28486\" rel=\"attachment wp-att-28486\"><img loading=\"lazy\" decoding=\"async\" class=\"aligncenter size-large wp-image-28486\" src=\"http:\/\/www.leblogdescoutheillas.com\/wp-content\/uploads\/2021\/01\/IMG_9184-745x960.jpeg\" alt=\"\" width=\"604\" height=\"778\" srcset=\"https:\/\/www.leblogdescoutheillas.com\/wp-content\/uploads\/2021\/01\/IMG_9184-745x960.jpeg 745w, https:\/\/www.leblogdescoutheillas.com\/wp-content\/uploads\/2021\/01\/IMG_9184-233x300.jpeg 233w, https:\/\/www.leblogdescoutheillas.com\/wp-content\/uploads\/2021\/01\/IMG_9184-768x990.jpeg 768w, https:\/\/www.leblogdescoutheillas.com\/wp-content\/uploads\/2021\/01\/IMG_9184-1192x1536.jpeg 1192w, https:\/\/www.leblogdescoutheillas.com\/wp-content\/uploads\/2021\/01\/IMG_9184-1589x2048.jpeg 1589w, https:\/\/www.leblogdescoutheillas.com\/wp-content\/uploads\/2021\/01\/IMG_9184-scaled.jpeg 1986w\" sizes=\"auto, (max-width: 604px) 100vw, 604px\" \/><\/a><\/p>\n<p>Un bouquet de chamallows d\u00e9lav\u00e9s <!--more-->en guise d\u2019hommage aux victimes des attentats:<a href=\"http:\/\/www.leblogdescoutheillas.com\/?attachment_id=28487\" rel=\"attachment wp-att-28487\"><img loading=\"lazy\" decoding=\"async\" class=\"aligncenter size-large wp-image-28487\" src=\"http:\/\/www.leblogdescoutheillas.com\/wp-content\/uploads\/2021\/01\/IMG_9138-955x960.jpeg\" alt=\"\" width=\"604\" height=\"607\" srcset=\"https:\/\/www.leblogdescoutheillas.com\/wp-content\/uploads\/2021\/01\/IMG_9138-955x960.jpeg 955w, https:\/\/www.leblogdescoutheillas.com\/wp-content\/uploads\/2021\/01\/IMG_9138-298x300.jpeg 298w, https:\/\/www.leblogdescoutheillas.com\/wp-content\/uploads\/2021\/01\/IMG_9138-150x150.jpeg 150w, https:\/\/www.leblogdescoutheillas.com\/wp-content\/uploads\/2021\/01\/IMG_9138-768x772.jpeg 768w, https:\/\/www.leblogdescoutheillas.com\/wp-content\/uploads\/2021\/01\/IMG_9138-1527x1536.jpeg 1527w, https:\/\/www.leblogdescoutheillas.com\/wp-content\/uploads\/2021\/01\/IMG_9138-2036x2048.jpeg 2036w\" sizes=\"auto, (max-width: 604px) 100vw, 604px\" \/><\/a><\/p>\n<p>De sales morceaux de b\u00e9ton jaune et blanc pour d\u00e9corer les avenues:<a href=\"http:\/\/www.leblogdescoutheillas.com\/?attachment_id=28489\" rel=\"attachment wp-att-28489\"><img loading=\"lazy\" decoding=\"async\" class=\"aligncenter size-large wp-image-28489\" src=\"http:\/\/www.leblogdescoutheillas.com\/wp-content\/uploads\/2021\/01\/IMG_9181-960x720.jpeg\" alt=\"\" width=\"604\" height=\"453\" srcset=\"https:\/\/www.leblogdescoutheillas.com\/wp-content\/uploads\/2021\/01\/IMG_9181-960x720.jpeg 960w, https:\/\/www.leblogdescoutheillas.com\/wp-content\/uploads\/2021\/01\/IMG_9181-300x225.jpeg 300w, https:\/\/www.leblogdescoutheillas.com\/wp-content\/uploads\/2021\/01\/IMG_9181-768x576.jpeg 768w, https:\/\/www.leblogdescoutheillas.com\/wp-content\/uploads\/2021\/01\/IMG_9181-1536x1152.jpeg 1536w, https:\/\/www.leblogdescoutheillas.com\/wp-content\/uploads\/2021\/01\/IMG_9181-2048x1536.jpeg 2048w\" sizes=\"auto, (max-width: 604px) 100vw, 604px\" \/><\/a><\/p>\n<p>De ravissants containers \u00e0 ordures le long des trottoirs \u00a0:<a href=\"http:\/\/www.leblogdescoutheillas.com\/?attachment_id=28490\" rel=\"attachment wp-att-28490\"><img loading=\"lazy\" decoding=\"async\" class=\"aligncenter size-large wp-image-28490\" src=\"http:\/\/www.leblogdescoutheillas.com\/wp-content\/uploads\/2021\/01\/IMG_8798-960x720.jpeg\" alt=\"\" width=\"604\" height=\"453\" srcset=\"https:\/\/www.leblogdescoutheillas.com\/wp-content\/uploads\/2021\/01\/IMG_8798-960x720.jpeg 960w, https:\/\/www.leblogdescoutheillas.com\/wp-content\/uploads\/2021\/01\/IMG_8798-300x225.jpeg 300w, https:\/\/www.leblogdescoutheillas.com\/wp-content\/uploads\/2021\/01\/IMG_8798-768x576.jpeg 768w, https:\/\/www.leblogdescoutheillas.com\/wp-content\/uploads\/2021\/01\/IMG_8798-1536x1152.jpeg 1536w, https:\/\/www.leblogdescoutheillas.com\/wp-content\/uploads\/2021\/01\/IMG_8798-2048x1536.jpeg 2048w\" sizes=\"auto, (max-width: 604px) 100vw, 604px\" \/><\/a><\/p>\n<p>D\u2019\u00e9normes bo\u00eetes en fer trou\u00e9 pour ranger les v\u00e9los \u00a0:<a href=\"http:\/\/www.leblogdescoutheillas.com\/?attachment_id=28491\" rel=\"attachment wp-att-28491\"><img loading=\"lazy\" decoding=\"async\" class=\"aligncenter size-large wp-image-28491\" src=\"http:\/\/www.leblogdescoutheillas.com\/wp-content\/uploads\/2021\/01\/IMG_8806-960x720.jpeg\" alt=\"\" width=\"604\" height=\"453\" srcset=\"https:\/\/www.leblogdescoutheillas.com\/wp-content\/uploads\/2021\/01\/IMG_8806-960x720.jpeg 960w, https:\/\/www.leblogdescoutheillas.com\/wp-content\/uploads\/2021\/01\/IMG_8806-300x225.jpeg 300w, https:\/\/www.leblogdescoutheillas.com\/wp-content\/uploads\/2021\/01\/IMG_8806-768x576.jpeg 768w, https:\/\/www.leblogdescoutheillas.com\/wp-content\/uploads\/2021\/01\/IMG_8806-1536x1152.jpeg 1536w, https:\/\/www.leblogdescoutheillas.com\/wp-content\/uploads\/2021\/01\/IMG_8806-2048x1536.jpeg 2048w\" sizes=\"auto, (max-width: 604px) 100vw, 604px\" \/><\/a><\/p>\n<p>Des tas de vieux jouets en vrac :<a href=\"http:\/\/www.leblogdescoutheillas.com\/?attachment_id=28496\" rel=\"attachment wp-att-28496\"><img loading=\"lazy\" decoding=\"async\" class=\"aligncenter size-large wp-image-28496\" src=\"http:\/\/www.leblogdescoutheillas.com\/wp-content\/uploads\/2021\/01\/IMG_9090-960x522.jpeg\" alt=\"\" width=\"604\" height=\"328\" srcset=\"https:\/\/www.leblogdescoutheillas.com\/wp-content\/uploads\/2021\/01\/IMG_9090-960x522.jpeg 960w, https:\/\/www.leblogdescoutheillas.com\/wp-content\/uploads\/2021\/01\/IMG_9090-300x163.jpeg 300w, https:\/\/www.leblogdescoutheillas.com\/wp-content\/uploads\/2021\/01\/IMG_9090-768x418.jpeg 768w, https:\/\/www.leblogdescoutheillas.com\/wp-content\/uploads\/2021\/01\/IMG_9090-1536x835.jpeg 1536w, https:\/\/www.leblogdescoutheillas.com\/wp-content\/uploads\/2021\/01\/IMG_9090-2048x1114.jpeg 2048w\" sizes=\"auto, (max-width: 604px) 100vw, 604px\" \/><\/a><\/p>\n<p>Une bien triste affiche de v\u0153ux :<span class=\"Apple-converted-space\"><a href=\"http:\/\/www.leblogdescoutheillas.com\/?attachment_id=28009\" rel=\"attachment wp-att-28009\"><img loading=\"lazy\" decoding=\"async\" class=\"aligncenter size-large wp-image-28009\" src=\"http:\/\/www.leblogdescoutheillas.com\/wp-content\/uploads\/2021\/01\/IMG_9167-720x960.jpeg\" alt=\"\" width=\"604\" height=\"805\" srcset=\"https:\/\/www.leblogdescoutheillas.com\/wp-content\/uploads\/2021\/01\/IMG_9167-720x960.jpeg 720w, https:\/\/www.leblogdescoutheillas.com\/wp-content\/uploads\/2021\/01\/IMG_9167-225x300.jpeg 225w, https:\/\/www.leblogdescoutheillas.com\/wp-content\/uploads\/2021\/01\/IMG_9167-768x1024.jpeg 768w, https:\/\/www.leblogdescoutheillas.com\/wp-content\/uploads\/2021\/01\/IMG_9167-1152x1536.jpeg 1152w, https:\/\/www.leblogdescoutheillas.com\/wp-content\/uploads\/2021\/01\/IMG_9167-1536x2048.jpeg 1536w, https:\/\/www.leblogdescoutheillas.com\/wp-content\/uploads\/2021\/01\/IMG_9167-scaled.jpeg 1920w\" sizes=\"auto, (max-width: 604px) 100vw, 604px\" \/><\/a><\/span><\/p>\n<p>De grandes art\u00e8res d\u00e9figur\u00e9es par les couloirs de circulation \u00a0:<a href=\"http:\/\/www.leblogdescoutheillas.com\/?attachment_id=28497\" rel=\"attachment wp-att-28497\"><img loading=\"lazy\" decoding=\"async\" class=\"aligncenter size-large wp-image-28497\" src=\"http:\/\/www.leblogdescoutheillas.com\/wp-content\/uploads\/2021\/01\/IMG_8799-960x720.jpeg\" alt=\"\" width=\"604\" height=\"453\" srcset=\"https:\/\/www.leblogdescoutheillas.com\/wp-content\/uploads\/2021\/01\/IMG_8799-960x720.jpeg 960w, https:\/\/www.leblogdescoutheillas.com\/wp-content\/uploads\/2021\/01\/IMG_8799-300x225.jpeg 300w, https:\/\/www.leblogdescoutheillas.com\/wp-content\/uploads\/2021\/01\/IMG_8799-768x576.jpeg 768w, https:\/\/www.leblogdescoutheillas.com\/wp-content\/uploads\/2021\/01\/IMG_8799-1536x1152.jpeg 1536w, https:\/\/www.leblogdescoutheillas.com\/wp-content\/uploads\/2021\/01\/IMG_8799-2048x1536.jpeg 2048w\" sizes=\"auto, (max-width: 604px) 100vw, 604px\" \/><\/a><\/p>\n<p>Des voies pour cyclistes d\u00e9sertes :<span class=\"Apple-converted-space\"><a href=\"http:\/\/www.leblogdescoutheillas.com\/?attachment_id=28492\" rel=\"attachment wp-att-28492\"><img loading=\"lazy\" decoding=\"async\" class=\"aligncenter size-large wp-image-28492\" src=\"http:\/\/www.leblogdescoutheillas.com\/wp-content\/uploads\/2021\/01\/IMG_9225-960x720.jpeg\" alt=\"\" width=\"604\" height=\"453\" srcset=\"https:\/\/www.leblogdescoutheillas.com\/wp-content\/uploads\/2021\/01\/IMG_9225-960x720.jpeg 960w, https:\/\/www.leblogdescoutheillas.com\/wp-content\/uploads\/2021\/01\/IMG_9225-300x225.jpeg 300w, https:\/\/www.leblogdescoutheillas.com\/wp-content\/uploads\/2021\/01\/IMG_9225-768x576.jpeg 768w, https:\/\/www.leblogdescoutheillas.com\/wp-content\/uploads\/2021\/01\/IMG_9225-1536x1152.jpeg 1536w, https:\/\/www.leblogdescoutheillas.com\/wp-content\/uploads\/2021\/01\/IMG_9225-2048x1536.jpeg 2048w\" sizes=\"auto, (max-width: 604px) 100vw, 604px\" \/><\/a><\/span><\/p>\n<p>Des itin\u00e9raires boulevers\u00e9s, cass\u00e9s dans le but \u00e9vident d\u2019allonger les temps de transport pour les automobilistes afin qu\u2019ils se d\u00e9couragent :<a href=\"http:\/\/www.leblogdescoutheillas.com\/?attachment_id=28650\" rel=\"attachment wp-att-28650\"><img loading=\"lazy\" decoding=\"async\" class=\"aligncenter size-large wp-image-28650\" src=\"http:\/\/www.leblogdescoutheillas.com\/wp-content\/uploads\/2021\/01\/IMG_9251-960x720.jpeg\" alt=\"\" width=\"604\" height=\"453\" srcset=\"https:\/\/www.leblogdescoutheillas.com\/wp-content\/uploads\/2021\/01\/IMG_9251-960x720.jpeg 960w, https:\/\/www.leblogdescoutheillas.com\/wp-content\/uploads\/2021\/01\/IMG_9251-300x225.jpeg 300w, https:\/\/www.leblogdescoutheillas.com\/wp-content\/uploads\/2021\/01\/IMG_9251-768x576.jpeg 768w, https:\/\/www.leblogdescoutheillas.com\/wp-content\/uploads\/2021\/01\/IMG_9251-1536x1152.jpeg 1536w, https:\/\/www.leblogdescoutheillas.com\/wp-content\/uploads\/2021\/01\/IMG_9251-2048x1536.jpeg 2048w\" sizes=\"auto, (max-width: 604px) 100vw, 604px\" \/><\/a><\/p>\n<p>Une utilisation tout ce qu&rsquo;il y a de plus rationnelle de l&rsquo;espace public aux heures de pointe :<\/p>\n<p><a href=\"http:\/\/www.leblogdescoutheillas.com\/?attachment_id=28856\" rel=\"attachment wp-att-28856\"><img loading=\"lazy\" decoding=\"async\" class=\"aligncenter size-large wp-image-28856\" src=\"http:\/\/www.leblogdescoutheillas.com\/wp-content\/uploads\/2021\/02\/IMG_9361-960x720.jpeg\" alt=\"\" width=\"604\" height=\"453\" srcset=\"https:\/\/www.leblogdescoutheillas.com\/wp-content\/uploads\/2021\/02\/IMG_9361-960x720.jpeg 960w, https:\/\/www.leblogdescoutheillas.com\/wp-content\/uploads\/2021\/02\/IMG_9361-300x225.jpeg 300w, https:\/\/www.leblogdescoutheillas.com\/wp-content\/uploads\/2021\/02\/IMG_9361-768x576.jpeg 768w, https:\/\/www.leblogdescoutheillas.com\/wp-content\/uploads\/2021\/02\/IMG_9361-1536x1152.jpeg 1536w, https:\/\/www.leblogdescoutheillas.com\/wp-content\/uploads\/2021\/02\/IMG_9361-2048x1536.jpeg 2048w\" sizes=\"auto, (max-width: 604px) 100vw, 604px\" \/><\/a><\/p>\n<p>Par charit\u00e9, on passera tr\u00e8s vite sur le nouveau plan de circulation de la Place de la Bastille :<\/p>\n<p><a href=\"http:\/\/www.leblogdescoutheillas.com\/?attachment_id=28858\" rel=\"attachment wp-att-28858\"><img loading=\"lazy\" decoding=\"async\" class=\"aligncenter size-full wp-image-28858\" src=\"http:\/\/www.leblogdescoutheillas.com\/wp-content\/uploads\/2021\/02\/Capture-decran-2021-02-09-a-13.56.41.png\" alt=\"\" width=\"625\" height=\"410\" srcset=\"https:\/\/www.leblogdescoutheillas.com\/wp-content\/uploads\/2021\/02\/Capture-decran-2021-02-09-a-13.56.41.png 625w, https:\/\/www.leblogdescoutheillas.com\/wp-content\/uploads\/2021\/02\/Capture-decran-2021-02-09-a-13.56.41-300x197.png 300w\" sizes=\"auto, (max-width: 625px) 100vw, 625px\" \/><\/a><\/p>\n<p style=\"text-align: justify;\">Une transformation de la Ville qui fut, au contraire de beaucoup d\u2019autres capitales, un mod\u00e8le d\u2019interp\u00e9n\u00e9tration des l\u2019habitat et des bureaux, des milieux sociaux ais\u00e9s et des plus modestes, et qui est devenue une ville mus\u00e9e (profan\u00e9e par quelques \u0153uvres vulgaires) pour le seul usage, non pas des oisifs parisiens, mais du tourisme gr\u00e9gaire.<span class=\"Apple-converted-space\">\u00a0<\/span><\/p>\n<p style=\"text-align: justify;\">Alors, quand viendra le moment de voter, pensez \u00e0 ce qu\u2019elle a fait \u00e0 Paris et \u00e0 ce qu\u2019elle pourrait faire \u00e0 l\u2019\u00e9chelle du pays si on lui en donnait l&rsquo;occasion.<\/p>\n<p style=\"text-align: justify;\">Et pensez \u00e9galement \u00e0 relire le dernier chapitre des <a href=\"http:\/\/www.leblogdescoutheillas.com\/?p=12251\" target=\"_blank\" rel=\"noopener\"><span style=\"color: #ff0000;\"><em><strong>Disparus de la Rue de Rennes<\/strong><\/em><\/span><\/a><\/p>\n<p>Ou alors son \u00a0<a href=\"http:\/\/www.leblogdescoutheillas.com\/?p=12744\" target=\"_blank\" rel=\"noopener\"><em><strong><span style=\"color: #ff0000;\">TEXTE INTEGRAL<\/span><\/strong><\/em><\/a><\/p>\n<p style=\"text-align: center;\">***<\/p>\n<p>Cette photo de l&rsquo;extension du mus\u00e9e du Luxembourg, bien qu&rsquo;on ne la doive probablement pas \u00e0 Cruella, je la mets pour faire bonne mesure.<\/p>\n<blockquote><p>Parce que y en a marre des horreurs de Paris !<\/p><\/blockquote>\n<p><a href=\"http:\/\/www.leblogdescoutheillas.com\/?attachment_id=28649\" rel=\"attachment wp-att-28649\"><img loading=\"lazy\" decoding=\"async\" class=\"aligncenter size-large wp-image-28649\" src=\"http:\/\/www.leblogdescoutheillas.com\/wp-content\/uploads\/2021\/01\/IMG_8870-960x720.jpeg\" alt=\"\" width=\"604\" height=\"453\" srcset=\"https:\/\/www.leblogdescoutheillas.com\/wp-content\/uploads\/2021\/01\/IMG_8870-960x720.jpeg 960w, https:\/\/www.leblogdescoutheillas.com\/wp-content\/uploads\/2021\/01\/IMG_8870-300x225.jpeg 300w, https:\/\/www.leblogdescoutheillas.com\/wp-content\/uploads\/2021\/01\/IMG_8870-768x576.jpeg 768w, https:\/\/www.leblogdescoutheillas.com\/wp-content\/uploads\/2021\/01\/IMG_8870-1536x1152.jpeg 1536w, https:\/\/www.leblogdescoutheillas.com\/wp-content\/uploads\/2021\/01\/IMG_8870-2048x1536.jpeg 2048w\" sizes=\"auto, (max-width: 604px) 100vw, 604px\" \/><\/a><\/p>\n<p><i style=\"color: #808080;\">Nota Bene : Que ceux qui douteraient de mes comp\u00e9tences en mati\u00e8re de circulation sachent tout de m\u00eame que j&rsquo;ai obtenu en 1969 \u00a0un dipl\u00f4me du CERC (Centre d&rsquo;\u00c9tudes et de Recherches de a Circulation Routi\u00e8re). Par contre, dans le domaine esth\u00e9tique et m\u00eame artistique, je n&rsquo;ai rien\u00a0<\/i><span style=\"color: #808080;\"><span style=\"caret-color: #808080;\"><i>obtenu<\/i><\/span><\/span><i style=\"color: #808080;\">\u00a0du tout. Mais \u00e0 quoi cela aurait-il servi ? On connait bien l&rsquo;adage \u00ab\u00a0\u00c0 chacun son cochon de go\u00fbt\u00a0\u00bb.\u00a0<\/i><\/p>\n<p>&nbsp;<\/p>\n","protected":false},"excerpt":{"rendered":"<p>C\u2019est presque \u00e9vident : Anne Hidalgo sera candidate aux prochaines pr\u00e9sidentielles.\u00a0 Quand, un jour,\u00a0 vous aurez \u00e0 voter, souvenez-vous bien de ce que Paris lui doit : Quelques accessoires de douche en guise de fontaines au Rond-Point des Champs-Elys\u00e9es: Un bouquet de chamallows d\u00e9lav\u00e9s<\/p>\n","protected":false},"author":1,"featured_media":0,"comment_status":"open","ping_status":"open","sticky":false,"template":"","format":"standard","meta":{"_mo_disable_npp":"","jetpack_post_was_ever_published":false,"_jetpack_newsletter_access":"","_jetpack_dont_email_post_to_subs":false,"_jetpack_newsletter_tier_id":0,"_jetpack_memberships_contains_paywalled_content":false,"_jetpack_memberships_contains_paid_content":false,"footnotes":"","jetpack_publicize_message":"","jetpack_publicize_feature_enabled":true,"jetpack_social_post_already_shared":false,"jetpack_social_options":{"image_generator_settings":{"template":"highway","default_image_id":0,"font":"","enabled":false},"version":2}},"categories":[94,3,2],"tags":[1387,21],"class_list":["post-28484","post","type-post","status-publish","format-standard","hentry","category-critiques","category-photos","category-textes","tag-anne-hidalgo","tag-philippe"],"jetpack_publicize_connections":[],"jetpack_featured_media_url":"","jetpack_sharing_enabled":true,"_links":{"self":[{"href":"https:\/\/www.leblogdescoutheillas.com\/index.php?rest_route=\/wp\/v2\/posts\/28484","targetHints":{"allow":["GET"]}}],"collection":[{"href":"https:\/\/www.leblogdescoutheillas.com\/index.php?rest_route=\/wp\/v2\/posts"}],"about":[{"href":"https:\/\/www.leblogdescoutheillas.com\/index.php?rest_route=\/wp\/v2\/types\/post"}],"author":[{"embeddable":true,"href":"https:\/\/www.leblogdescoutheillas.com\/index.php?rest_route=\/wp\/v2\/users\/1"}],"replies":[{"embeddable":true,"href":"https:\/\/www.leblogdescoutheillas.com\/index.php?rest_route=%2Fwp%2Fv2%2Fcomments&post=28484"}],"version-history":[{"count":0,"href":"https:\/\/www.leblogdescoutheillas.com\/index.php?rest_route=\/wp\/v2\/posts\/28484\/revisions"}],"wp:attachment":[{"href":"https:\/\/www.leblogdescoutheillas.com\/index.php?rest_route=%2Fwp%2Fv2%2Fmedia&parent=28484"}],"wp:term":[{"taxonomy":"category","embeddable":true,"href":"https:\/\/www.leblogdescoutheillas.com\/index.php?rest_route=%2Fwp%2Fv2%2Fcategories&post=28484"},{"taxonomy":"post_tag","embeddable":true,"href":"https:\/\/www.leblogdescoutheillas.com\/index.php?rest_route=%2Fwp%2Fv2%2Ftags&post=28484"}],"curies":[{"name":"wp","href":"https:\/\/api.w.org\/{rel}","templated":true}]}}