{"id":28147,"date":"2021-01-12T16:47:31","date_gmt":"2021-01-12T15:47:31","guid":{"rendered":"http:\/\/www.leblogdescoutheillas.com\/?p=28147"},"modified":"2021-01-13T16:26:49","modified_gmt":"2021-01-13T15:26:49","slug":"28147","status":"publish","type":"post","link":"https:\/\/www.leblogdescoutheillas.com\/?p=28147","title":{"rendered":"Rendez-vous \u00e0 cinq heures : les voeux de Bruno"},"content":{"rendered":"<p style=\"text-align: justify;\"><span style=\"color: #800080;\"><strong><em>La page de 16h47 est ouverte&#8230;*<\/em><\/strong><\/span><\/p>\n<p style=\"text-align: justify;\"><img loading=\"lazy\" decoding=\"async\" class=\"aligncenter size-full wp-image-23460\" src=\"http:\/\/www.leblogdescoutheillas.com\/wp-content\/uploads\/2020\/05\/TASSE-DE-THE%CC%81.jpg\" alt=\"\" width=\"100\" height=\"127\" \/><\/p>\n<p style=\"text-align: justify;\"><span style=\"color: #0000ff;\"><b><i style=\"caret-color: #0000ff;\">C&rsquo;est\u00a0<\/i><i>maintenant<\/i><i style=\"caret-color: #0000ff;\">\u00a0le tour de Bruno, qui nous fait suivre les voeux qu&rsquo;il a re\u00e7us d&rsquo;un confr\u00e8re avocat. Il n&rsquo;est pas trop tard, loin de l\u00e0.\u00a0<\/i><\/b><\/span><\/p>\n<p style=\"text-align: justify;\">Chers tous,<\/p>\n<p style=\"text-align: justify;\">J\u2019allais vous adresser des v\u0153ux un peu rapidement, mais apr\u00e8s r\u00e9flexion et compte tenu de mon exp\u00e9rience professionnelle, je me suis rendu compte de l&rsquo;imprudence de ma formulation.<br \/>\nVous souhaiter une bonne ann\u00e9e, une bonne sant\u00e9 et la prosp\u00e9rit\u00e9 me soumet, en effet, au risque de poursuites&#8230;<\/p>\n<p style=\"text-align: justify;\">Voici donc la version rectifi\u00e9e de mes v\u0153ux, et qui est en conformit\u00e9 avec le principe de pr\u00e9caution inscrit dans la Constitution.<\/p>\n<p style=\"text-align: justify;\"><span style=\"text-decoration: underline;\">Nouvelle formulation<\/span><br \/>\nJe vous prie d&rsquo;accepter, sans aucune obligation<br \/>\nimplicite ou explicite de votre part, mes v\u0153ux \u00e0 l&rsquo;occasion du solstice d&rsquo;hiver et du premier de l&rsquo;an, en ad\u00e9quation avec la tradition, la religion ou les valeurs existentielles de votre choix, dans le respect de la tradition, de la religion ou des valeurs <!--more-->existentielles des autres, ou dans le respect de leur refus, en la circonstance, de traditions, religions ou valeurs existentielles, ou de leur droit de manifester leur indiff\u00e9rence aux f\u00eates populaires programm\u00e9es.<\/p>\n<p style=\"text-align: justify;\">Ces v\u0153ux concernent plus particuli\u00e8rement :<br \/>\n&#8211; la sant\u00e9, ceci ne supposant de ma part aucune connaissance particuli\u00e8re de votre dossier m\u00e9dical, ni d&rsquo;une quelconque volont\u00e9 de m&rsquo;immiscer dans le dialogue confidentiel \u00e9tabli avec votre m\u00e9decin traitant ou votre assureur avec lequel vous auriez pass\u00e9 une convention obs\u00e8ques ;<br \/>\n&#8211; la prosp\u00e9rit\u00e9, \u00e9tant entendu que j\u2019ignore tout de la somme figurant sur votre d\u00e9claration de revenus, de votre taux d&rsquo;imposition et du montant des taxes et cotisations auxquelles vous \u00eates assujetti ;<br \/>\n&#8211; le bonheur, sachant que l&rsquo;appr\u00e9ciation de cette valeur est laiss\u00e9e \u00e0 votre libre arbitre et qu&rsquo;il n&rsquo;est pas dans mon intention de vous recommander tel ou tel type de bonheur.<\/p>\n<p style=\"text-align: justify;\"><span style=\"text-decoration: underline;\">Nota Bene<\/span><br \/>\nLe concept d&rsquo;ann\u00e9e nouvelle est ici bas\u00e9, pour des raisons de commodit\u00e9, sur le calendrier gr\u00e9gorien, qui est celui le plus couramment utilis\u00e9 dans la vie quotidienne de la r\u00e9gion \u00e0 partir de laquelle ces v\u0153ux vous sont adress\u00e9s.<br \/>\nSon emploi n&rsquo;implique aucun d\u00e9sir de pros\u00e9lytisme.<\/p>\n<p style=\"text-align: justify;\">La l\u00e9gitimit\u00e9 des autres chronologies utilis\u00e9es par d&rsquo;autres cultures n&rsquo;est absolument pas mise en cause.<br \/>\nNotamment :<br \/>\n&#8211; le fait de ne pas dater ces v\u0153ux du Jumada I 17, 1442 AH de l&rsquo;H\u00e9gire (\u00e9migration du Proph\u00e8te \u00e0 M\u00e9dine) ne constitue ni une manifestation d&rsquo;islamophobie, ni une prise de position dans le conflit isra\u00eblo-palestinien ;<br \/>\n&#8211; le fait de ne pas dater ces v\u0153ux du 17 Tevet 5781, ne constitue ni un refus du droit d&rsquo;Isra\u00ebl \u00e0 vivre dans des fronti\u00e8res s\u00fbres et reconnues, ni le d\u00e9lit de contestation de crime contre l&rsquo;humanit\u00e9 ;<br \/>\n&#8211; le fait de ne pas dater ces v\u0153ux du 18\u00e8me jour du 11\u00e8me mois de l&rsquo;ann\u00e9e du Rat \/ GengZide l\u2019ann\u00e9e 4719, n&rsquo;implique aucune prise de position dans l&rsquo;affaire dite \u00ab\u00a0des fr\u00e9gates de Ta\u00efwan\u00a0\u00bb ;<br \/>\n&#8211; le fait de ne pas dater ces v\u0153ux du 10 Niv\u00f4se An CCXXIX de la R\u00e9publique Fran\u00e7aise, une et indivisible, ne saurait \u00eatre assimil\u00e9 \u00e0 une contestation de la forme r\u00e9publicaine des institutions.<\/p>\n<p style=\"text-align: justify;\">Enfin, l&#8217;emploi de la langue fran\u00e7aise ne sous-entend aucun jugement de valeur.<br \/>\nSon choix tient au fait qu&rsquo;elle est la plus couramment actuellement pratiqu\u00e9e par l&rsquo;exp\u00e9diteur dans ce pays.<br \/>\nTout autre idiome a droit au respect tout comme ses locuteurs.<\/p>\n<p style=\"text-align: justify;\"><span style=\"text-decoration: underline;\">Clause de non responsabilit\u00e9 l\u00e9gale<\/span><br \/>\nEn acceptant ces v\u0153ux, vous renoncez \u00e0 toute contestation post\u00e9rieure.<br \/>\nCes v\u0153ux ne sont pas susceptibles de rectification ou de retrait.<br \/>\nIls sont librement transf\u00e9rables \u00e0 quiconque, sans indemnit\u00e9s ni royalties.<br \/>\nLeur reproduction est autoris\u00e9e.<br \/>\nIls n&rsquo;ont fait l&rsquo;objet d&rsquo;aucun d\u00e9p\u00f4t l\u00e9gal. Ils sont valables pour une dur\u00e9e d&rsquo;une ann\u00e9e, \u00e0 la condition d&rsquo;\u00eatre employ\u00e9s selon les r\u00e8gles habituelles et \u00e0 l&rsquo;usage personnel du destinataire.<br \/>\nA l&rsquo;issue de cette p\u00e9riode, leur renouvellement n&rsquo;a aucun caract\u00e8re obligatoire et reste soumis \u00e0 la libre d\u00e9cision de l\u2019exp\u00e9diteur.<br \/>\nIls sont adress\u00e9s sans limitation pr\u00e9alable li\u00e9e aux notions d&rsquo;\u00e2ge, de genre, d&rsquo;aptitude physique ou mentale, de race, d&rsquo;ethnie, d&rsquo;origine, de communaut\u00e9 revendiqu\u00e9e, de pratiques sexuelles, de r\u00e9gime alimentaire, de convictions politiques, religieuses ou philosophiques, d&rsquo;appartenance syndicale, susceptibles de caract\u00e9riser les destinataires.<br \/>\nLeurs r\u00e9sultats ne sont, en aucun cas, garantis et l&rsquo;absence, totale comme partielle, de r\u00e9alisation n&rsquo;ouvre pas droit \u00e0 compensation.<\/p>\n<p style=\"text-align: justify;\">En cas de difficult\u00e9s li\u00e9es \u00e0 l&rsquo;interpr\u00e9tation des pr\u00e9sentes, la juridiction comp\u00e9tente est le Tribunal habituel du domicile de l&rsquo;exp\u00e9diteur.<\/p>\n<p style=\"text-align: justify;\">Apr\u00e8s ce pr\u00e9ambule je me permets de vous adresser mes v\u0153ux :<\/p>\n<p style=\"text-align: justify;\">BONNE ANN\u00c9E 2021<\/p>\n","protected":false},"excerpt":{"rendered":"<p>La page de 16h47 est ouverte&#8230;* C&rsquo;est\u00a0maintenant\u00a0le tour de Bruno, qui nous fait suivre les voeux qu&rsquo;il a re\u00e7us d&rsquo;un confr\u00e8re avocat. Il n&rsquo;est pas trop tard, loin de l\u00e0.\u00a0 Chers tous, J\u2019allais vous adresser des v\u0153ux un peu rapidement, mais apr\u00e8s r\u00e9flexion et compte tenu de mon exp\u00e9rience professionnelle, je me suis rendu compte &hellip; <a href=\"https:\/\/www.leblogdescoutheillas.com\/?p=28147\" class=\"more-link\">Continuer la lecture de <span class=\"screen-reader-text\">Rendez-vous \u00e0 cinq heures : les voeux de Bruno<\/span> <span class=\"meta-nav\">&rarr;<\/span><\/a><\/p>\n","protected":false},"author":1,"featured_media":0,"comment_status":"open","ping_status":"open","sticky":false,"template":"","format":"standard","meta":{"_mo_disable_npp":"","jetpack_post_was_ever_published":false,"_jetpack_newsletter_access":"","_jetpack_dont_email_post_to_subs":false,"_jetpack_newsletter_tier_id":0,"_jetpack_memberships_contains_paywalled_content":false,"_jetpack_memberships_contains_paid_content":false,"footnotes":"","jetpack_publicize_message":"","jetpack_publicize_feature_enabled":true,"jetpack_social_post_already_shared":false,"jetpack_social_options":{"image_generator_settings":{"template":"highway","default_image_id":0,"font":"","enabled":false},"version":2}},"categories":[6],"tags":[1578],"class_list":["post-28147","post","type-post","status-publish","format-standard","hentry","category-news","tag-bruno"],"jetpack_publicize_connections":[],"jetpack_featured_media_url":"","jetpack_sharing_enabled":true,"_links":{"self":[{"href":"https:\/\/www.leblogdescoutheillas.com\/index.php?rest_route=\/wp\/v2\/posts\/28147","targetHints":{"allow":["GET"]}}],"collection":[{"href":"https:\/\/www.leblogdescoutheillas.com\/index.php?rest_route=\/wp\/v2\/posts"}],"about":[{"href":"https:\/\/www.leblogdescoutheillas.com\/index.php?rest_route=\/wp\/v2\/types\/post"}],"author":[{"embeddable":true,"href":"https:\/\/www.leblogdescoutheillas.com\/index.php?rest_route=\/wp\/v2\/users\/1"}],"replies":[{"embeddable":true,"href":"https:\/\/www.leblogdescoutheillas.com\/index.php?rest_route=%2Fwp%2Fv2%2Fcomments&post=28147"}],"version-history":[{"count":0,"href":"https:\/\/www.leblogdescoutheillas.com\/index.php?rest_route=\/wp\/v2\/posts\/28147\/revisions"}],"wp:attachment":[{"href":"https:\/\/www.leblogdescoutheillas.com\/index.php?rest_route=%2Fwp%2Fv2%2Fmedia&parent=28147"}],"wp:term":[{"taxonomy":"category","embeddable":true,"href":"https:\/\/www.leblogdescoutheillas.com\/index.php?rest_route=%2Fwp%2Fv2%2Fcategories&post=28147"},{"taxonomy":"post_tag","embeddable":true,"href":"https:\/\/www.leblogdescoutheillas.com\/index.php?rest_route=%2Fwp%2Fv2%2Ftags&post=28147"}],"curies":[{"name":"wp","href":"https:\/\/api.w.org\/{rel}","templated":true}]}}