{"id":27255,"date":"2021-01-13T07:47:38","date_gmt":"2021-01-13T06:47:38","guid":{"rendered":"http:\/\/www.leblogdescoutheillas.com\/?p=27255"},"modified":"2021-01-14T08:25:35","modified_gmt":"2021-01-14T07:25:35","slug":"delier-le-corps-et-lame","status":"publish","type":"post","link":"https:\/\/www.leblogdescoutheillas.com\/?p=27255","title":{"rendered":"Le corps et l\u2019\u00e2me"},"content":{"rendered":"<p style=\"text-align: justify;\">C\u2019est une chose que connaissent bien eux qui aspirent \u00e0 apprendre. Au moment o\u00f9 la philosophie a pris possession de leur \u00e2me, elle \u00e9tait, cette \u00e2me, tout bonnement enchain\u00e9e \u00e0 l\u2019int\u00e9rieur d\u2019un corps, agripp\u00e9e \u00e0 lui, contrainte aussi d\u2019examiner tous les \u00eatres \u00e0 travers lui comme \u00e0 travers les barreaux d\u2019une prison au lieu de le faire elle-m\u00eame et par elle seule, vautr\u00e9e enfin dans l\u2019ignorance la plus totale. Or, la philosophie le discerne bien, ce qu\u2019il y a de plus terrible dans cet emprisonnement, c\u2019est qu\u2019il est l\u2019oeuvre de l\u2019app\u00e9tit, de sorte que c\u2019est l\u2019enchain\u00e9 lui-m\u00eame qui coop\u00e8re de la mani\u00e8re la plus efficace \u00e0 parfaire son \u00e9tat d\u2019enchain\u00e9. Je r\u00e9p\u00e8te : ceux qui aiment \u00e0 apprendre savent bien que, au moment o\u00f9 la philosophie a pris possession de leur \u00e2me, elle se trouvait dans l\u2019\u00e9tat que j\u2019ai dit. Aussi, la philosophie lui adresse-t-elle <!--more-->des paroles qui la calme et elle entreprend de la d\u00e9lier. Elle lui montre que la d\u00e9marche consistant \u00e0 examiner une chose au moyen de la vue est toute remplie d\u2019illusions, aussi celle qui se sert des oreilles ou de n\u2019importe quel autre sens. Elle persuade l\u2019\u00e2me de prendre ses distances dans la mesure o\u00f9 il n\u2019est pas absolument indispensable de recourir aux sens. Elle l\u2019invite \u00e0 se rassembler et \u00e0 se ramasser elle-m\u00eame en elle-m\u00eame, \u00e0 ne se fier \u00e0 rien d\u2019autre qu\u2019\u00e0 elle-m\u00eame, quel que soit en lui-m\u00eame et par lui-m\u00eame celui des \u00eatres dont l\u2019\u00e2me en elle-m\u00eame et par elle-m\u00eame cherche \u00e0 avoir l\u2019intelligence.<span class=\"Apple-converted-space\">\u00a0<\/span><\/p>\n<p><span style=\"color: #0000ff;\"><em>Platon &#8211; Le Ph\u00e9don<\/em><\/span><\/p>\n","protected":false},"excerpt":{"rendered":"<p>C\u2019est une chose que connaissent bien eux qui aspirent \u00e0 apprendre. Au moment o\u00f9 la philosophie a pris possession de leur \u00e2me, elle \u00e9tait, cette \u00e2me, tout bonnement enchain\u00e9e \u00e0 l\u2019int\u00e9rieur d\u2019un corps, agripp\u00e9e \u00e0 lui, contrainte aussi d\u2019examiner tous les \u00eatres \u00e0 travers lui comme \u00e0 travers les barreaux d\u2019une prison au lieu de &hellip; <a href=\"https:\/\/www.leblogdescoutheillas.com\/?p=27255\" class=\"more-link\">Continuer la lecture de <span class=\"screen-reader-text\">Le corps et l\u2019\u00e2me<\/span> <span class=\"meta-nav\">&rarr;<\/span><\/a><\/p>\n","protected":false},"author":1,"featured_media":0,"comment_status":"open","ping_status":"open","sticky":false,"template":"","format":"standard","meta":{"_mo_disable_npp":"","jetpack_post_was_ever_published":false,"_jetpack_newsletter_access":"","_jetpack_dont_email_post_to_subs":false,"_jetpack_newsletter_tier_id":0,"_jetpack_memberships_contains_paywalled_content":false,"_jetpack_memberships_contains_paid_content":false,"footnotes":"","jetpack_publicize_message":"","jetpack_publicize_feature_enabled":true,"jetpack_social_post_already_shared":false,"jetpack_social_options":{"image_generator_settings":{"template":"highway","default_image_id":0,"font":"","enabled":false},"version":2}},"categories":[4],"tags":[1279],"class_list":["post-27255","post","type-post","status-publish","format-standard","hentry","category-citations","tag-platon"],"jetpack_publicize_connections":[],"jetpack_featured_media_url":"","jetpack_sharing_enabled":true,"_links":{"self":[{"href":"https:\/\/www.leblogdescoutheillas.com\/index.php?rest_route=\/wp\/v2\/posts\/27255","targetHints":{"allow":["GET"]}}],"collection":[{"href":"https:\/\/www.leblogdescoutheillas.com\/index.php?rest_route=\/wp\/v2\/posts"}],"about":[{"href":"https:\/\/www.leblogdescoutheillas.com\/index.php?rest_route=\/wp\/v2\/types\/post"}],"author":[{"embeddable":true,"href":"https:\/\/www.leblogdescoutheillas.com\/index.php?rest_route=\/wp\/v2\/users\/1"}],"replies":[{"embeddable":true,"href":"https:\/\/www.leblogdescoutheillas.com\/index.php?rest_route=%2Fwp%2Fv2%2Fcomments&post=27255"}],"version-history":[{"count":0,"href":"https:\/\/www.leblogdescoutheillas.com\/index.php?rest_route=\/wp\/v2\/posts\/27255\/revisions"}],"wp:attachment":[{"href":"https:\/\/www.leblogdescoutheillas.com\/index.php?rest_route=%2Fwp%2Fv2%2Fmedia&parent=27255"}],"wp:term":[{"taxonomy":"category","embeddable":true,"href":"https:\/\/www.leblogdescoutheillas.com\/index.php?rest_route=%2Fwp%2Fv2%2Fcategories&post=27255"},{"taxonomy":"post_tag","embeddable":true,"href":"https:\/\/www.leblogdescoutheillas.com\/index.php?rest_route=%2Fwp%2Fv2%2Ftags&post=27255"}],"curies":[{"name":"wp","href":"https:\/\/api.w.org\/{rel}","templated":true}]}}