{"id":2535,"date":"2015-03-16T06:00:16","date_gmt":"2015-03-16T04:00:16","guid":{"rendered":"http:\/\/leblogdescoutheillas.com\/?p=2535"},"modified":"2022-12-17T07:09:17","modified_gmt":"2022-12-17T06:09:17","slug":"note-n1-au-jardin-du-luxembourg","status":"publish","type":"post","link":"https:\/\/www.leblogdescoutheillas.com\/?p=2535","title":{"rendered":"Post it n\u00b06 -Au jardin du Luxembourg"},"content":{"rendered":"<p style=\"text-align: right;\"><span style=\"color: #008080;\"><em>temps de lecture : 1 minute<\/em><\/span><\/p>\n<p style=\"text-align: justify;\"><strong>Au Jardin du Luxembourg<\/strong><\/p>\n<p style=\"text-align: justify;\">Il est dix heures trente. La voiture \u00e0 bras couverte de petits voiliers multicolores arrive au bord du bassin. L\u2019homme aux brancards installe les cales de la charrette pr\u00e8s de la guitoune du gardien, exactement l\u00e0 o\u00f9 il les installe depuis 18 ans et o\u00f9 son p\u00e8re les a install\u00e9es avant lui pendant 34 ans.<a href=\"http:\/\/leblogdescoutheillas.com\/wp-content\/uploads\/2014\/11\/Bateaux-Luxembourg.jpg\"><img loading=\"lazy\" decoding=\"async\" class=\"alignleft size-thumbnail wp-image-2537\" src=\"http:\/\/leblogdescoutheillas.com\/wp-content\/uploads\/2014\/11\/Bateaux-Luxembourg-150x150.jpg\" alt=\"Bateaux Luxembourg\" width=\"150\" height=\"150\" \/><\/a> Les enfants qui attendaient cette arriv\u00e9e depuis longtemps approchent en jouant des coudes. Contre quelques francs et en le pin\u00e7ant par le haut du mat, l&rsquo;homme au tablier leur remet un lourd bateau de bois qu&rsquo;ils re\u00e7oivent dans le berceau de leurs bras. Le bassin se peuple de voiles num\u00e9rot\u00e9es qui filent vers le jet d&rsquo;eau central en d\u00e9rangeant les canards.<br \/>\nLes m\u00e8res croyaient \u00eatre tranquilles pour une heure.<br \/>\nElles ont seulement chang\u00e9 d&rsquo;inqui\u00e9tude:<br \/>\nPourvu que Paul ne tombe pas dans le bassin !<\/p>\n","protected":false},"excerpt":{"rendered":"<p>temps de lecture : 1 minute Au Jardin du Luxembourg Il est dix heures trente. La voiture \u00e0 bras couverte de petits voiliers multicolores arrive au bord du bassin. L\u2019homme aux brancards installe les cales de la charrette pr\u00e8s de la guitoune du gardien, exactement l\u00e0 o\u00f9 il les installe depuis 18 ans et o\u00f9 &hellip; <a href=\"https:\/\/www.leblogdescoutheillas.com\/?p=2535\" class=\"more-link\">Continuer la lecture de <span class=\"screen-reader-text\">Post it n\u00b06 -Au jardin du Luxembourg<\/span> <span class=\"meta-nav\">&rarr;<\/span><\/a><\/p>\n","protected":false},"author":1,"featured_media":0,"comment_status":"open","ping_status":"open","sticky":false,"template":"","format":"standard","meta":{"_mo_disable_npp":"","jetpack_post_was_ever_published":false,"_jetpack_newsletter_access":"","_jetpack_dont_email_post_to_subs":false,"_jetpack_newsletter_tier_id":0,"_jetpack_memberships_contains_paywalled_content":false,"_jetpack_memberships_contains_paid_content":false,"footnotes":"","jetpack_publicize_message":"","jetpack_publicize_feature_enabled":true,"jetpack_social_post_already_shared":true,"jetpack_social_options":{"image_generator_settings":{"template":"highway","default_image_id":0,"font":"","enabled":false},"version":2}},"categories":[12,2],"tags":[614,21],"class_list":["post-2535","post","type-post","status-publish","format-standard","hentry","category-recit","category-textes","tag-jardin-du-luxembourg","tag-philippe"],"jetpack_publicize_connections":[],"jetpack_featured_media_url":"","jetpack_sharing_enabled":true,"_links":{"self":[{"href":"https:\/\/www.leblogdescoutheillas.com\/index.php?rest_route=\/wp\/v2\/posts\/2535","targetHints":{"allow":["GET"]}}],"collection":[{"href":"https:\/\/www.leblogdescoutheillas.com\/index.php?rest_route=\/wp\/v2\/posts"}],"about":[{"href":"https:\/\/www.leblogdescoutheillas.com\/index.php?rest_route=\/wp\/v2\/types\/post"}],"author":[{"embeddable":true,"href":"https:\/\/www.leblogdescoutheillas.com\/index.php?rest_route=\/wp\/v2\/users\/1"}],"replies":[{"embeddable":true,"href":"https:\/\/www.leblogdescoutheillas.com\/index.php?rest_route=%2Fwp%2Fv2%2Fcomments&post=2535"}],"version-history":[{"count":0,"href":"https:\/\/www.leblogdescoutheillas.com\/index.php?rest_route=\/wp\/v2\/posts\/2535\/revisions"}],"wp:attachment":[{"href":"https:\/\/www.leblogdescoutheillas.com\/index.php?rest_route=%2Fwp%2Fv2%2Fmedia&parent=2535"}],"wp:term":[{"taxonomy":"category","embeddable":true,"href":"https:\/\/www.leblogdescoutheillas.com\/index.php?rest_route=%2Fwp%2Fv2%2Fcategories&post=2535"},{"taxonomy":"post_tag","embeddable":true,"href":"https:\/\/www.leblogdescoutheillas.com\/index.php?rest_route=%2Fwp%2Fv2%2Ftags&post=2535"}],"curies":[{"name":"wp","href":"https:\/\/api.w.org\/{rel}","templated":true}]}}