{"id":22723,"date":"2020-04-06T16:47:46","date_gmt":"2020-04-06T14:47:46","guid":{"rendered":"http:\/\/www.leblogdescoutheillas.com\/?p=22723"},"modified":"2020-04-07T16:55:52","modified_gmt":"2020-04-07T14:55:52","slug":"journal-de-campagne-23","status":"publish","type":"post","link":"https:\/\/www.leblogdescoutheillas.com\/?p=22723","title":{"rendered":"Journal de Campagne (22)"},"content":{"rendered":"<p style=\"text-align: justify;\"><span style=\"color: #0000ff;\"><em>NDLR : Par un hasard malicieux ou gr\u00e2ce \u00e0 une d\u00e9chirure inopin\u00e9e dans l&rsquo;espace-temps, \u00e0 moins que ce ne soit du fait d&rsquo;une d\u00e9faillance inexpliqu\u00e9e de l&rsquo;\u00e9diteur WordPress, vous avez re\u00e7u hier soir l&rsquo;article qui ne devait paraitre que le surlendemain. Du coup, je l&rsquo;ai programm\u00e9 pour ce soir, l&rsquo;avan\u00e7ant ainsi de 24 heures, tout en le reculant du m\u00eame nombre d&rsquo;heures par rapport \u00e0 la premi\u00e8re publication.\u00a0<\/em><\/span><br \/>\n<span style=\"color: #0000ff;\"><em>C&rsquo;est pas clair ?<\/em><\/span><br \/>\n<span style=\"color: #0000ff;\"><em>Quand on ne comprend pas l&rsquo;\u00e9nonc\u00e9 d&rsquo;un probl\u00e8me, ne pas paniquer, mais le relire. Ensuite si l&rsquo;incompr\u00e9hension persiste, lire l&rsquo;\u00e9nonc\u00e9 \u00e0 haute voix. Si elle persiste encore, le recopier. En d\u00e9sespoir de cause, accepter de ne pas comprendre. Moi, c&rsquo;est toujours par l\u00e0 que je commence. <\/em><\/span><\/p>\n<p><strong>Journal de Campagne (22)<\/strong><br \/>\n<em>Lundi 6 avril 2020<\/em><\/p>\n<p>Je ne sais pas si c\u2019est la Campagne ou l\u2019\u00e9criture de ce billet quotidien qui m\u2019emp\u00eache aujourd\u2019hui d\u2019\u00e9crire, d\u2019\u00e9crire autre chose que ces impressions de Champ de Faye. Je vois s\u2019approcher le jour o\u00f9 je n\u2019aurai plus un seul texte en stock. Il ne m\u2019en reste plus que deux\u00a0: un sur le Saint-R\u00e9gis, bistrot de l\u2019\u00cele Saint Louis, <em>Couleur caf\u00e9<\/em> habituel, rien d\u2019original, et un pastiche de Proust \u00ab\u00a0<em>Longtemps, je me suis lev\u00e9 de bonne heure\u00a0<\/em>\u00bb. Apr\u00e8s, c\u2019est le vide. Sentiment d\u2019inconfort, pas encore de panique. Oh\u00a0! J\u2019ai bien un texte sur les Deux Magots, \u00a0mais il est en panne, inachev\u00e9, bloqu\u00e9. Et maintenant, voil\u00e0 que les bistrots sont ferm\u00e9s. Impossible d\u2019y aller chercher des id\u00e9es. Impossible \u00e9galement d\u2019\u00e9crire des \u00ab\u00a0<em>Critiques ais\u00e9es<\/em>\u00a0\u00bb\u00a0: plus de th\u00e9\u00e2tre, plus de cin\u00e9ma, et comme je ne lis pas non plus, plus de roman. Bien s\u00fbr, il y a les rediffusions, et j\u2019en ai <!--more-->quelques-unes de programm\u00e9es, mais il ne faudrait pas en abuser.<\/p>\n<p>Alors, j\u2019envisage s\u00e9rieusement de publier des textes <em>non achev\u00e9s<\/em>, et \u00e7a, j\u2019en ai. Attention, il ne s\u2019agit pas de textes <em>inachev\u00e9s<\/em>, c\u2019est-\u00e0-dire de textes \u00e9bauch\u00e9s puis d\u00e9finitivement abandonn\u00e9s. Il s\u2019agit plut\u00f4t de nouvelles, ou m\u00eame de romans, entrepris il y a deux ans, six mois ou quinze jours, textes sur lesquels je travaille quelques semaines de suite, entre deux <em>Couleur Caf\u00e9 <\/em>ou deux<em> Critiques Ais\u00e9es<\/em>, avant de tomber en panne. J\u2019en ai trois ou quatre comme \u00e7a dont deux assez avanc\u00e9s\u00a0: <em>Le M\u00e9canisme d\u2019Anticyth\u00e8re, <\/em>gripp\u00e9 au bout de 80 pages, et<em> Le Cujas. <\/em><\/p>\n<p>Je vous parlerai d\u2019<em>Anticyth\u00e8re<\/em> une autre fois. C\u2019est du <em>Cujas<\/em> que je veux vous parler aujourd\u2019hui.<\/p>\n<p>J\u2019ach\u00e8te tr\u00e8s r\u00e9guli\u00e8rement des cartes postales pour les envoyer \u00e0 une vieille dame indigne qui s\u2019amuse dans une maison de retraite. Ayant \u00e9puis\u00e9 les vues de la Seine, de ses ponts, de ses bouquinistes, ayant fait le tour de la plupart des monuments de Paris et des murailles de Chateau-Thierry, je cherchai autre chose \u00e0 lui faire partager. J\u2019ai fini par trouver cette carte postale :<\/p>\n<p><img loading=\"lazy\" decoding=\"async\" class=\"aligncenter wp-image-22721\" src=\"http:\/\/www.leblogdescoutheillas.com\/wp-content\/uploads\/2020\/04\/Le-Cujas-copie-660x960.jpeg\" alt=\"\" width=\"455\" height=\"662\" srcset=\"https:\/\/www.leblogdescoutheillas.com\/wp-content\/uploads\/2020\/04\/Le-Cujas-copie-660x960.jpeg 660w, https:\/\/www.leblogdescoutheillas.com\/wp-content\/uploads\/2020\/04\/Le-Cujas-copie-206x300.jpeg 206w, https:\/\/www.leblogdescoutheillas.com\/wp-content\/uploads\/2020\/04\/Le-Cujas-copie-768x1117.jpeg 768w, https:\/\/www.leblogdescoutheillas.com\/wp-content\/uploads\/2020\/04\/Le-Cujas-copie.jpeg 810w\" sizes=\"auto, (max-width: 455px) 100vw, 455px\" \/><\/p>\n<p>La l\u00e9gende qui figurait au verso \u00e9tait \u00ab \u00c9tudiants boulevard Saint-Michel \u2013 1935 \u00bb.<\/p>\n<p>J\u2019ai d\u2019abord trouv\u00e9 que les personnages photographi\u00e9s n\u2019avaient pas vraiment des gueules d\u2019\u00e9tudiants mais, n\u2019ayant fr\u00e9quent\u00e9 assid\u00fbment le Boul\u2019Mich qu\u2019\u00e0 partir de 1958, je me suis dit qu\u2019ils \u00e9taient peut-\u00eatre comme \u00e7a, mes pr\u00e9d\u00e9cesseurs. Mais peu importe. J\u2019ai commenc\u00e9 \u00e0 fantasmer sur le groupe repr\u00e9sent\u00e9.<\/p>\n<p>Je l\u2019ai d\u2019abord install\u00e9 dans un caf\u00e9 imaginaire, <em>Le Cujas<\/em>, situ\u00e9 \u00e0 l\u2019angle de la rue Cujas et du Boulevard St-Michel. Puis j\u2019ai imagin\u00e9 une identit\u00e9, un m\u00e9tier ou une occupation pour chacun, puis je leur ai donn\u00e9 \u00e0 chacun un nom et enfin j\u2019ai imagin\u00e9 ce qu\u2019ils pouvaient bien faire dans ce bistrot en ce jour de mai 1935. Et je les ai fait vivre. J\u2019en suis \u00e0 32000 mots, l\u2019\u00e9quivalent de 90 pages. Je ne sais pas o\u00f9 je vais ni comment j\u2019y vais, mais je pense en \u00eatre \u00e0 un peu plus de la moiti\u00e9 du chemin.<\/p>\n<p>Je vais peut-\u00eatre vous livrer \u00e7a par petits morceaux dans les mois prochains, avec le risque de que la publication ne d\u00e9passe l\u2019\u00e9criture. On dira alors que c\u2019est une fin grand ouverte.<\/p>\n<p>&nbsp;<\/p>\n","protected":false},"excerpt":{"rendered":"<p>NDLR : Par un hasard malicieux ou gr\u00e2ce \u00e0 une d\u00e9chirure inopin\u00e9e dans l&rsquo;espace-temps, \u00e0 moins que ce ne soit du fait d&rsquo;une d\u00e9faillance inexpliqu\u00e9e de l&rsquo;\u00e9diteur WordPress, vous avez re\u00e7u hier soir l&rsquo;article qui ne devait paraitre que le surlendemain. Du coup, je l&rsquo;ai programm\u00e9 pour ce soir, l&rsquo;avan\u00e7ant ainsi de 24 heures, tout &hellip; <a href=\"https:\/\/www.leblogdescoutheillas.com\/?p=22723\" class=\"more-link\">Continuer la lecture de <span class=\"screen-reader-text\">Journal de Campagne (22)<\/span> <span class=\"meta-nav\">&rarr;<\/span><\/a><\/p>\n","protected":false},"author":1,"featured_media":0,"comment_status":"open","ping_status":"open","sticky":false,"template":"","format":"standard","meta":{"_mo_disable_npp":"","jetpack_post_was_ever_published":false,"_jetpack_newsletter_access":"","_jetpack_dont_email_post_to_subs":false,"_jetpack_newsletter_tier_id":0,"_jetpack_memberships_contains_paywalled_content":false,"_jetpack_memberships_contains_paid_content":false,"footnotes":"","jetpack_publicize_message":"","jetpack_publicize_feature_enabled":true,"jetpack_social_post_already_shared":false,"jetpack_social_options":{"image_generator_settings":{"template":"highway","default_image_id":0,"font":"","enabled":false},"version":2}},"categories":[6],"tags":[1560,21],"class_list":["post-22723","post","type-post","status-publish","format-standard","hentry","category-news","tag-covid-19","tag-philippe"],"jetpack_publicize_connections":[],"jetpack_featured_media_url":"","jetpack_sharing_enabled":true,"_links":{"self":[{"href":"https:\/\/www.leblogdescoutheillas.com\/index.php?rest_route=\/wp\/v2\/posts\/22723","targetHints":{"allow":["GET"]}}],"collection":[{"href":"https:\/\/www.leblogdescoutheillas.com\/index.php?rest_route=\/wp\/v2\/posts"}],"about":[{"href":"https:\/\/www.leblogdescoutheillas.com\/index.php?rest_route=\/wp\/v2\/types\/post"}],"author":[{"embeddable":true,"href":"https:\/\/www.leblogdescoutheillas.com\/index.php?rest_route=\/wp\/v2\/users\/1"}],"replies":[{"embeddable":true,"href":"https:\/\/www.leblogdescoutheillas.com\/index.php?rest_route=%2Fwp%2Fv2%2Fcomments&post=22723"}],"version-history":[{"count":0,"href":"https:\/\/www.leblogdescoutheillas.com\/index.php?rest_route=\/wp\/v2\/posts\/22723\/revisions"}],"wp:attachment":[{"href":"https:\/\/www.leblogdescoutheillas.com\/index.php?rest_route=%2Fwp%2Fv2%2Fmedia&parent=22723"}],"wp:term":[{"taxonomy":"category","embeddable":true,"href":"https:\/\/www.leblogdescoutheillas.com\/index.php?rest_route=%2Fwp%2Fv2%2Fcategories&post=22723"},{"taxonomy":"post_tag","embeddable":true,"href":"https:\/\/www.leblogdescoutheillas.com\/index.php?rest_route=%2Fwp%2Fv2%2Ftags&post=22723"}],"curies":[{"name":"wp","href":"https:\/\/api.w.org\/{rel}","templated":true}]}}