{"id":22477,"date":"2020-03-25T16:47:02","date_gmt":"2020-03-25T15:47:02","guid":{"rendered":"http:\/\/www.leblogdescoutheillas.com\/?p=22477"},"modified":"2020-03-26T16:08:19","modified_gmt":"2020-03-26T15:08:19","slug":"journal-de-campagne-10-2","status":"publish","type":"post","link":"https:\/\/www.leblogdescoutheillas.com\/?p=22477","title":{"rendered":"Journal de Campagne (10)"},"content":{"rendered":"<p style=\"text-align: justify;\"><strong>Journal de Campagne (10)<\/strong><br \/>\n<em>Mercredi 25 mars 2020 &#8211; 16h47<\/em><\/p>\n<p style=\"text-align: justify;\">En Am\u00e9rique, il s\u2019en passe des choses.<\/p>\n<p style=\"text-align: justify;\">Le Donald trouve que le COVID-19, \u00e7a va bien comme \u00e7a, que quinze jours de pseudo-confinement, c\u2019est mauvais pour la Bourse \u2014 et que si c\u2019est mauvais pour la Bourse, ce n\u2019est pas bon pour lui \u2014\u00a0 et que l\u2019Am\u00e9rique doit retourner au <em>business as usual<\/em> avant P\u00e2ques, le 12 avril prochain, et qu\u2019avec un peu de Chloroquine, \u00e7a va bien se passer ;<\/p>\n<p style=\"text-align: justify;\">Bien entendu, tous les experts scientifiques, les autorit\u00e9s sanitaires, et les exp\u00e9riences \u00e9trang\u00e8res lui disent que ce serait une folie de lever ou m\u00eame de ne pas renforcer les mesures de restriction. Les m\u00eames lui disent aussi que les essais sur la Nivaquine sont encore <!--more-->en cours, que l\u2019on ne connait encore ni la posologie ni les contre-indications de cette mol\u00e9cule et qu\u2019il serait hautement imprudent d\u2019encourager les Am\u00e9ricains \u00e0 cette autom\u00e9dication.<\/p>\n<p style=\"text-align: justify;\">Mais on connait l\u2019estime du Donald pour les experts en g\u00e9n\u00e9ral, sa position de d\u00e9part et de principe \u00e9tant \u00ab\u00a0L\u2019expert, c\u2019est moi.\u00a0\u00bb Sue la Chloroquine, il leur a r\u00e9pondu\u00a0: \u201c<em>I\u2019m a smart guy. I feel good about it.<\/em>\u201d (<em>Je suis un type malin. J\u2019ai un bon pressentiment<\/em>).<\/p>\n<p style=\"text-align: justify;\">Si en r\u00e9alit\u00e9 les d\u00e9cisions de confinement ne d\u00e9pendent pas de la Maison Blanche mais des Gouverneurs de chaque \u00e9tat, on sent bien qu\u2019en faisant croire \u00e0 l\u2019existence d\u2019un traitement et en comparant le Covid-19 \u00e0 une simple grippe, le Donald veut pousser les Am\u00e9ricains \u00e0 retourner \u00e0 une vie normale d\u2019ici une quinzaine de jours, de mani\u00e8re \u00e0 ce que le business reprenne.<\/p>\n<p style=\"text-align: justify;\">Sans que les mots soient prononc\u00e9s, cette volont\u00e9 pr\u00e9sidentielle r\u00e9sulte de ce syst\u00e8me d\u2019\u00e9quations\u00a0:<\/p>\n<p style=\"text-align: center;\">a) davantage d\u2019argent = davantage de business<br \/>\nb) davantage de business = davantage de contacts.<br \/>\nc) davantage de contacts = davantage de contagion<br \/>\nd) davantage de contagion = davantage de morts<\/p>\n<p style=\"text-align: center;\"><strong>donc<\/strong><br \/>\ndavantage d\u2019argent = davantage de morts<br \/>\n<strong>C.Q.F.D.<\/strong><\/p>\n<p style=\"text-align: center;\"><em><strong>Allez, les gars\u00a0! Au boulot\u00a0!<\/strong><\/em><\/p>\n<p>Pour illustrer ce texte, je n&rsquo;ai pas pu choisir entre ces trois images, celle du taureau but\u00e9, celle du Donald vantard et celle du chien cr\u00e9tin. Alors, je vous donne les trois:<img loading=\"lazy\" decoding=\"async\" class=\"size-thumbnail wp-image-14625 alignleft\" src=\"http:\/\/www.leblogdescoutheillas.com\/wp-content\/uploads\/2018\/09\/JOVkE2HFZZNhuB691mj6oVQKFog-150x150.jpg\" alt=\"\" width=\"150\" height=\"150\" srcset=\"https:\/\/www.leblogdescoutheillas.com\/wp-content\/uploads\/2018\/09\/JOVkE2HFZZNhuB691mj6oVQKFog-150x150.jpg 150w, https:\/\/www.leblogdescoutheillas.com\/wp-content\/uploads\/2018\/09\/JOVkE2HFZZNhuB691mj6oVQKFog-300x300.jpg 300w, https:\/\/www.leblogdescoutheillas.com\/wp-content\/uploads\/2018\/09\/JOVkE2HFZZNhuB691mj6oVQKFog-768x768.jpg 768w, https:\/\/www.leblogdescoutheillas.com\/wp-content\/uploads\/2018\/09\/JOVkE2HFZZNhuB691mj6oVQKFog.jpg 800w\" sizes=\"auto, (max-width: 150px) 100vw, 150px\" \/><\/p>\n<p><img loading=\"lazy\" decoding=\"async\" class=\"aligncenter size-thumbnail wp-image-10937\" src=\"http:\/\/www.leblogdescoutheillas.com\/wp-content\/uploads\/2017\/12\/images-144x150.jpg\" alt=\"\" width=\"144\" height=\"150\" \/><img loading=\"lazy\" decoding=\"async\" class=\"aligncenter size-thumbnail wp-image-9652\" src=\"http:\/\/www.leblogdescoutheillas.com\/wp-content\/uploads\/2017\/08\/images-4-150x150.jpg\" alt=\"\" width=\"150\" height=\"150\" \/><\/p>\n","protected":false},"excerpt":{"rendered":"<p>Journal de Campagne (10) Mercredi 25 mars 2020 &#8211; 16h47 En Am\u00e9rique, il s\u2019en passe des choses. Le Donald trouve que le COVID-19, \u00e7a va bien comme \u00e7a, que quinze jours de pseudo-confinement, c\u2019est mauvais pour la Bourse \u2014 et que si c\u2019est mauvais pour la Bourse, ce n\u2019est pas bon pour lui \u2014\u00a0 et &hellip; <a href=\"https:\/\/www.leblogdescoutheillas.com\/?p=22477\" class=\"more-link\">Continuer la lecture de <span class=\"screen-reader-text\">Journal de Campagne (10)<\/span> <span class=\"meta-nav\">&rarr;<\/span><\/a><\/p>\n","protected":false},"author":1,"featured_media":0,"comment_status":"open","ping_status":"open","sticky":false,"template":"","format":"standard","meta":{"_mo_disable_npp":"","jetpack_post_was_ever_published":false,"_jetpack_newsletter_access":"","_jetpack_dont_email_post_to_subs":false,"_jetpack_newsletter_tier_id":0,"_jetpack_memberships_contains_paywalled_content":false,"_jetpack_memberships_contains_paid_content":false,"footnotes":"","jetpack_publicize_message":"","jetpack_publicize_feature_enabled":true,"jetpack_social_post_already_shared":false,"jetpack_social_options":{"image_generator_settings":{"template":"highway","default_image_id":0,"font":"","enabled":false},"version":2}},"categories":[6],"tags":[1560,21,1125],"class_list":["post-22477","post","type-post","status-publish","format-standard","hentry","category-news","tag-covid-19","tag-philippe","tag-trump"],"jetpack_publicize_connections":[],"jetpack_featured_media_url":"","jetpack_sharing_enabled":true,"_links":{"self":[{"href":"https:\/\/www.leblogdescoutheillas.com\/index.php?rest_route=\/wp\/v2\/posts\/22477","targetHints":{"allow":["GET"]}}],"collection":[{"href":"https:\/\/www.leblogdescoutheillas.com\/index.php?rest_route=\/wp\/v2\/posts"}],"about":[{"href":"https:\/\/www.leblogdescoutheillas.com\/index.php?rest_route=\/wp\/v2\/types\/post"}],"author":[{"embeddable":true,"href":"https:\/\/www.leblogdescoutheillas.com\/index.php?rest_route=\/wp\/v2\/users\/1"}],"replies":[{"embeddable":true,"href":"https:\/\/www.leblogdescoutheillas.com\/index.php?rest_route=%2Fwp%2Fv2%2Fcomments&post=22477"}],"version-history":[{"count":0,"href":"https:\/\/www.leblogdescoutheillas.com\/index.php?rest_route=\/wp\/v2\/posts\/22477\/revisions"}],"wp:attachment":[{"href":"https:\/\/www.leblogdescoutheillas.com\/index.php?rest_route=%2Fwp%2Fv2%2Fmedia&parent=22477"}],"wp:term":[{"taxonomy":"category","embeddable":true,"href":"https:\/\/www.leblogdescoutheillas.com\/index.php?rest_route=%2Fwp%2Fv2%2Fcategories&post=22477"},{"taxonomy":"post_tag","embeddable":true,"href":"https:\/\/www.leblogdescoutheillas.com\/index.php?rest_route=%2Fwp%2Fv2%2Ftags&post=22477"}],"curies":[{"name":"wp","href":"https:\/\/api.w.org\/{rel}","templated":true}]}}