{"id":22402,"date":"2020-03-23T16:47:48","date_gmt":"2020-03-23T15:47:48","guid":{"rendered":"http:\/\/www.leblogdescoutheillas.com\/?p=22402"},"modified":"2020-03-24T08:16:39","modified_gmt":"2020-03-24T07:16:39","slug":"journal-de-campagne-7","status":"publish","type":"post","link":"https:\/\/www.leblogdescoutheillas.com\/?p=22402","title":{"rendered":"Journal de Campagne (8)"},"content":{"rendered":"<p><strong>Journal de Campagne (8)<\/strong><br \/>\n<em>Lundi 23 mars 2020 \u2014 16h47<\/em><\/p>\n<p>Une semaine de <em>Campagne<\/em>. Faut-il dire d\u00e9j\u00e0 ou faut-il dire seulement\u00a0?<br \/>\nDonnons-nous encore une semaine pour nous prononcer.<\/p>\n<h1 style=\"text-align: center;\">*<\/h1>\n<p>De quoi vais-je vous parler aujourd\u2019hui\u00a0?<\/p>\n<p>D\u2019abord de mon exasp\u00e9ration\u00a0:<br \/>\n\u2014 devant tous ces cr\u00e9tins qui s\u2019embrassent comme au 15 ao\u00fbt sur les d\u00e9barcad\u00e8res des iles bretonnes,<br \/>\n\u2014 devant ces gens qui, entass\u00e9s devant le Prisunic du coin, attendent son ouverture en discutant amicalement comme si de rien n\u2019\u00e9tait,<br \/>\n\u2014 devant ces jeunes am\u00e9ricains qui se saoulent de bi\u00e8re et de promiscuit\u00e9 sur les plages de Floride parce que <em>Spring Break<\/em> oblige,<br \/>\n\u2014 devant tout ceux dont les <!--more-->d\u00e9clarations commencent par\u00a0: \u00ab\u00a0L\u2019heure n\u2019est pas \u00e0 la pol\u00e9mique, mais&#8230;\u00a0\u00bb,<br \/>\n\u2014 devant tout ce que je ne vois pas \u2014 parce qu\u2019ici, il n\u2019y a vraiment personne \u2014 mais qui doit vous exasp\u00e9rer,<br \/>\n\u2014 devant les incessants aboiements du chien de nos nouveaux voisins&#8230;<\/p>\n<p>Ensuite de mes interrogations\u00a0:<br \/>\n\u2014 C\u2019est pour quand, la s\u00e9v\u00e9rit\u00e9 sur le confinement\u00a0?<br \/>\n\u2014 C\u2019est pour quand, l\u2019annulation des jeux olympiques\u00a0?<\/p>\n<p>Enfin de ce dont je me fous compl\u00e8tement\u00a0:<br \/>\n\u2014 L\u2019annulation des Jeux Olympiques\u00a0!<\/p>\n<h1 style=\"text-align: center;\">*<\/h1>\n<p>Nouvelles de mon tas de bois :<br \/>\nJe pense ralentir un peu ces jours prochains. Non pas que la fatigue me gagne, mais c&rsquo;est plut\u00f4t que je me demande ce que je ferai quand il sera achev\u00e9.<br \/>\nPeut-\u00eatre le d\u00e9placerai-je d\u2019un m\u00e8tre ou deux&#8230;<\/p>\n<p>On verra \u00e7a demain. Il y a le temps. Et je vous parlerai d&rsquo;\u00e9criture en <em>Campagne.<\/em><\/p>\n<p>&nbsp;<\/p>\n","protected":false},"excerpt":{"rendered":"<p>Journal de Campagne (8) Lundi 23 mars 2020 \u2014 16h47 Une semaine de Campagne. Faut-il dire d\u00e9j\u00e0 ou faut-il dire seulement\u00a0? Donnons-nous encore une semaine pour nous prononcer. * De quoi vais-je vous parler aujourd\u2019hui\u00a0? D\u2019abord de mon exasp\u00e9ration\u00a0: \u2014 devant tous ces cr\u00e9tins qui s\u2019embrassent comme au 15 ao\u00fbt sur les d\u00e9barcad\u00e8res des iles &hellip; <a href=\"https:\/\/www.leblogdescoutheillas.com\/?p=22402\" class=\"more-link\">Continuer la lecture de <span class=\"screen-reader-text\">Journal de Campagne (8)<\/span> <span class=\"meta-nav\">&rarr;<\/span><\/a><\/p>\n","protected":false},"author":1,"featured_media":0,"comment_status":"open","ping_status":"open","sticky":false,"template":"","format":"standard","meta":{"_mo_disable_npp":"","jetpack_post_was_ever_published":false,"_jetpack_newsletter_access":"","_jetpack_dont_email_post_to_subs":false,"_jetpack_newsletter_tier_id":0,"_jetpack_memberships_contains_paywalled_content":false,"_jetpack_memberships_contains_paid_content":false,"footnotes":"","jetpack_publicize_message":"","jetpack_publicize_feature_enabled":true,"jetpack_social_post_already_shared":false,"jetpack_social_options":{"image_generator_settings":{"template":"highway","default_image_id":0,"font":"","enabled":false},"version":2}},"categories":[6],"tags":[1560,21],"class_list":["post-22402","post","type-post","status-publish","format-standard","hentry","category-news","tag-covid-19","tag-philippe"],"jetpack_publicize_connections":[],"jetpack_featured_media_url":"","jetpack_sharing_enabled":true,"_links":{"self":[{"href":"https:\/\/www.leblogdescoutheillas.com\/index.php?rest_route=\/wp\/v2\/posts\/22402","targetHints":{"allow":["GET"]}}],"collection":[{"href":"https:\/\/www.leblogdescoutheillas.com\/index.php?rest_route=\/wp\/v2\/posts"}],"about":[{"href":"https:\/\/www.leblogdescoutheillas.com\/index.php?rest_route=\/wp\/v2\/types\/post"}],"author":[{"embeddable":true,"href":"https:\/\/www.leblogdescoutheillas.com\/index.php?rest_route=\/wp\/v2\/users\/1"}],"replies":[{"embeddable":true,"href":"https:\/\/www.leblogdescoutheillas.com\/index.php?rest_route=%2Fwp%2Fv2%2Fcomments&post=22402"}],"version-history":[{"count":0,"href":"https:\/\/www.leblogdescoutheillas.com\/index.php?rest_route=\/wp\/v2\/posts\/22402\/revisions"}],"wp:attachment":[{"href":"https:\/\/www.leblogdescoutheillas.com\/index.php?rest_route=%2Fwp%2Fv2%2Fmedia&parent=22402"}],"wp:term":[{"taxonomy":"category","embeddable":true,"href":"https:\/\/www.leblogdescoutheillas.com\/index.php?rest_route=%2Fwp%2Fv2%2Fcategories&post=22402"},{"taxonomy":"post_tag","embeddable":true,"href":"https:\/\/www.leblogdescoutheillas.com\/index.php?rest_route=%2Fwp%2Fv2%2Ftags&post=22402"}],"curies":[{"name":"wp","href":"https:\/\/api.w.org\/{rel}","templated":true}]}}