{"id":19521,"date":"2019-12-09T07:47:10","date_gmt":"2019-12-09T06:47:10","guid":{"rendered":"http:\/\/www.leblogdescoutheillas.com\/?p=19521"},"modified":"2019-12-12T23:48:43","modified_gmt":"2019-12-12T22:48:43","slug":"ah-les-belles-boutiques-25","status":"publish","type":"post","link":"https:\/\/www.leblogdescoutheillas.com\/?p=19521","title":{"rendered":"Ah ! Les belles boutiques &#8211; 39"},"content":{"rendered":"<p><strong>Chez L\u00e9na et Mimile<\/strong><br \/>\n<span style=\"color: #0000ff;\"><em>32 rue Tournefort<\/em><\/span><br \/>\n<span style=\"color: #0000ff;\"><em>Paris 5\u00e8me<\/em><\/span><\/p>\n<p><img loading=\"lazy\" decoding=\"async\" class=\"aligncenter size-large wp-image-19852\" src=\"http:\/\/www.leblogdescoutheillas.com\/wp-content\/uploads\/2019\/09\/IMG_7807-960x723.jpeg\" alt=\"\" width=\"604\" height=\"455\" srcset=\"https:\/\/www.leblogdescoutheillas.com\/wp-content\/uploads\/2019\/09\/IMG_7807-960x723.jpeg 960w, https:\/\/www.leblogdescoutheillas.com\/wp-content\/uploads\/2019\/09\/IMG_7807-300x226.jpeg 300w, https:\/\/www.leblogdescoutheillas.com\/wp-content\/uploads\/2019\/09\/IMG_7807-768x578.jpeg 768w\" sizes=\"auto, (max-width: 604px) 100vw, 604px\" \/><\/p>\n<p style=\"text-align: justify;\">Chez L\u00e9na et Mimile, j&rsquo;y vais depuis soixante ans, pas tr\u00e8s souvent, une ou deux fois dans l&rsquo;ann\u00e9e, mais depuis soixante ans. Au d\u00e9but des ann\u00e9es soixante, peut-\u00eatre avant aussi, mais je n&rsquo;\u00e9tais pas l\u00e0, c&rsquo;\u00e9tait un bistrot ouvrier o\u00f9 l&rsquo;on mangeait sur de la toile cir\u00e9e \u00e0 carreaux rouges et blancs : un \u0153uf mimosa fan\u00e9, un steak-frite \u00e9pais comme une tranche de jambon et un triangle de camembert pl\u00e2treux ou une banane pas mure. Aux beaux jours, le patron, Mimile sans doute, sortait <!--more-->deux tables en fer sur le trottoir sur\u00e9lev\u00e9, et on y mangeait trois rondelles de saucisson, un steak-frite \u00e9pais comme une tranche de jambon et un triangle de camembert pl\u00e2treux ou une banane pas mure. On pouvait en d\u00e9jeunant regarder les jeunes filles qui vous regardaient d\u00e9jeuner du haut de leurs fen\u00eatres du Foyer Concordia. Aujourd&rsquo;hui, les choses ont chang\u00e9. L\u00e9na et Mimile sont probablement partis sur la C\u00f4te d&rsquo;Azur et l&rsquo;\u00e9tablissement a \u00e9t\u00e9 repris depuis bien des ann\u00e9es par des gens qui ont compris l&rsquo;int\u00e9r\u00eat de l&#8217;emplacement : moins de cent m\u00e8tres de la rue Mouffetard mais \u00e0 l&rsquo;\u00e9cart de tout, au carrefour des quatre rues les plus calmes de Paris, en surplomb d&rsquo;un petit square en triangle muni d&rsquo;une fontaine \u00e0 l&rsquo;esth\u00e9tique discutable mais discr\u00e8te. Ces gens ont donc achet\u00e9 progressivement les deux boutiques voisines, dont je n&rsquo;avais jamais vu les vitrines que pass\u00e9es au blanc d&rsquo;Espagne, triplant de cette mani\u00e8re la surface du restaurant. Ils ont tout r\u00e9nov\u00e9 mais en gardant strictement l&rsquo;esprit bistrot et constitu\u00e9 une carte aujourd&rsquo;hui raisonnable.<\/p>\n<p style=\"text-align: justify;\">Puis-je vous conseiller d&rsquo;aller chez L\u00e9na et Mimile par un beau et chaud soir d&rsquo;\u00e9t\u00e9 (<em>autrement dit : pas aujourd&rsquo;hui<\/em>).<\/p>\n<p>&nbsp;<\/p>\n<p><span style=\"color: #993300;\"><em>La s\u00e9rie \u00ab\u00a0Ah ! les belles boutiques\u00a0\u00bb<\/em><\/span><br \/>\n<span style=\"color: #993300;\"><em>L\u2019objectif :\u00a0rendre hommage aux commer\u00e7ants qui r\u00e9ussissent \u00e0 conserver l\u2019aspect traditionnel de leur fa\u00e7ade de magasin, et les encourager \u00e0 pers\u00e9v\u00e9rer.<\/em><\/span><br \/>\n<span style=\"color: #993300;\"><em>Le contenu : une photo de la devanture d\u2019un magasin, avec si possible l\u2019adresse et, tr\u00e8s \u00e9ventuellement, un commentaire sur la boutique, ou son histoire, ou son contenu, ou sur l\u2019id\u00e9e que s\u2019en fait le JdC.<\/em><\/span><\/p>\n","protected":false},"excerpt":{"rendered":"<p>Chez L\u00e9na et Mimile 32 rue Tournefort Paris 5\u00e8me Chez L\u00e9na et Mimile, j&rsquo;y vais depuis soixante ans, pas tr\u00e8s souvent, une ou deux fois dans l&rsquo;ann\u00e9e, mais depuis soixante ans. Au d\u00e9but des ann\u00e9es soixante, peut-\u00eatre avant aussi, mais je n&rsquo;\u00e9tais pas l\u00e0, c&rsquo;\u00e9tait un bistrot ouvrier o\u00f9 l&rsquo;on mangeait sur de la toile &hellip; <a href=\"https:\/\/www.leblogdescoutheillas.com\/?p=19521\" class=\"more-link\">Continuer la lecture de <span class=\"screen-reader-text\">Ah ! Les belles boutiques &#8211; 39<\/span> <span class=\"meta-nav\">&rarr;<\/span><\/a><\/p>\n","protected":false},"author":1,"featured_media":0,"comment_status":"open","ping_status":"open","sticky":false,"template":"","format":"standard","meta":{"_mo_disable_npp":"","jetpack_post_was_ever_published":false,"_jetpack_newsletter_access":"","_jetpack_dont_email_post_to_subs":false,"_jetpack_newsletter_tier_id":0,"_jetpack_memberships_contains_paywalled_content":false,"_jetpack_memberships_contains_paid_content":false,"footnotes":"","jetpack_publicize_message":"","jetpack_publicize_feature_enabled":true,"jetpack_social_post_already_shared":false,"jetpack_social_options":{"image_generator_settings":{"template":"highway","default_image_id":0,"font":"","enabled":false},"version":2}},"categories":[3],"tags":[21],"class_list":["post-19521","post","type-post","status-publish","format-standard","hentry","category-photos","tag-philippe"],"jetpack_publicize_connections":[],"jetpack_featured_media_url":"","jetpack_sharing_enabled":true,"_links":{"self":[{"href":"https:\/\/www.leblogdescoutheillas.com\/index.php?rest_route=\/wp\/v2\/posts\/19521","targetHints":{"allow":["GET"]}}],"collection":[{"href":"https:\/\/www.leblogdescoutheillas.com\/index.php?rest_route=\/wp\/v2\/posts"}],"about":[{"href":"https:\/\/www.leblogdescoutheillas.com\/index.php?rest_route=\/wp\/v2\/types\/post"}],"author":[{"embeddable":true,"href":"https:\/\/www.leblogdescoutheillas.com\/index.php?rest_route=\/wp\/v2\/users\/1"}],"replies":[{"embeddable":true,"href":"https:\/\/www.leblogdescoutheillas.com\/index.php?rest_route=%2Fwp%2Fv2%2Fcomments&post=19521"}],"version-history":[{"count":0,"href":"https:\/\/www.leblogdescoutheillas.com\/index.php?rest_route=\/wp\/v2\/posts\/19521\/revisions"}],"wp:attachment":[{"href":"https:\/\/www.leblogdescoutheillas.com\/index.php?rest_route=%2Fwp%2Fv2%2Fmedia&parent=19521"}],"wp:term":[{"taxonomy":"category","embeddable":true,"href":"https:\/\/www.leblogdescoutheillas.com\/index.php?rest_route=%2Fwp%2Fv2%2Fcategories&post=19521"},{"taxonomy":"post_tag","embeddable":true,"href":"https:\/\/www.leblogdescoutheillas.com\/index.php?rest_route=%2Fwp%2Fv2%2Ftags&post=19521"}],"curies":[{"name":"wp","href":"https:\/\/api.w.org\/{rel}","templated":true}]}}