{"id":17332,"date":"2019-03-29T19:47:27","date_gmt":"2019-03-29T18:47:27","guid":{"rendered":"http:\/\/www.leblogdescoutheillas.com\/?p=17332"},"modified":"2022-03-18T16:56:35","modified_gmt":"2022-03-18T15:56:35","slug":"derniere-heure-8-francais-sur-10-sont-complotistes-ou-presque","status":"publish","type":"post","link":"https:\/\/www.leblogdescoutheillas.com\/?p=17332","title":{"rendered":"NOUVELLES DU FRONT (7) &#8211; 29\/03\/2019"},"content":{"rendered":"<p style=\"text-align: center;\"><strong>LA B\u00caTISE AU FRONT DE TAUREAU<\/strong><\/p>\n<p><img loading=\"lazy\" decoding=\"async\" class=\"aligncenter size-medium wp-image-14625\" src=\"http:\/\/www.leblogdescoutheillas.com\/wp-content\/uploads\/2018\/09\/JOVkE2HFZZNhuB691mj6oVQKFog-300x300.jpg\" alt=\"\" width=\"300\" height=\"300\" srcset=\"https:\/\/www.leblogdescoutheillas.com\/wp-content\/uploads\/2018\/09\/JOVkE2HFZZNhuB691mj6oVQKFog-300x300.jpg 300w, https:\/\/www.leblogdescoutheillas.com\/wp-content\/uploads\/2018\/09\/JOVkE2HFZZNhuB691mj6oVQKFog-150x150.jpg 150w, https:\/\/www.leblogdescoutheillas.com\/wp-content\/uploads\/2018\/09\/JOVkE2HFZZNhuB691mj6oVQKFog-768x768.jpg 768w, https:\/\/www.leblogdescoutheillas.com\/wp-content\/uploads\/2018\/09\/JOVkE2HFZZNhuB691mj6oVQKFog.jpg 800w\" sizes=\"auto, (max-width: 300px) 100vw, 300px\" \/><\/p>\n<p style=\"text-align: center;\"><span style=\"color: #0000ff;\"><em>Nous avons, pour plaire \u00e0 la brute,<br \/>\nDigne vassale des D\u00e9mons,<br \/>\nInsult\u00e9 ce que nous aimons<br \/>\nEt flatt\u00e9 ce qui nous rebute\u00a0;<br \/>\nContrist\u00e9, servile bourreau,<br \/>\nLe faible qu\u2019\u00e0 tort on m\u00e9prise\u00a0;<br \/>\nSalu\u00e9 l\u2019\u00e9norme b\u00eatise,<br \/>\nLa B\u00eatise au front de taureau<\/em><\/span><\/p>\n<p style=\"text-align: center;\"><strong>Vendredi 29 mars<br \/>\n8 Fran\u00e7ais sur 10 sont complotistes<br \/>\n(ou presque)<\/strong><\/p>\n<p style=\"text-align: justify;\">Il y a un peu plus d&rsquo;un an, l&rsquo;IFOP a men\u00e9 une enqu\u00eate aupr\u00e8s de 1252 personnes pour mesurer l&rsquo;ampleur du ph\u00e9nom\u00e8ne des th\u00e9ories complotistes au sein de la soci\u00e9t\u00e9 fran\u00e7aise. Les r\u00e9sultats sont bien pires que ce \u00e0 quoi on pouvait s&rsquo;attendre : ils sont terrifiants. En voici la synth\u00e8se \u00e9tablie par l&rsquo;IFOP :<\/p>\n<p style=\"text-align: justify;\">\u201479% des Fran\u00e7ais croient \u00e0 au moins une th\u00e9orie complotiste.<\/p>\n<p style=\"text-align: justify;\">\u2014Alors qu\u2019un d\u00e9bat sur les vaccins obligatoires a lieu en France depuis plusieurs mois, 55% des personnes interrog\u00e9es adh\u00e8rent \u00e0 l\u2019id\u00e9e selon<!--more--> laquelle \u00ab <em>Le minist\u00e8re de la Sant\u00e9 est de m\u00e8che avec l\u2019industrie pharmaceutique pour cacher au grand public la r\u00e9alit\u00e9 sur la nocivit\u00e9 des vaccins<\/em> \u00bb.<\/p>\n<p style=\"text-align: justify;\">\u201454% des Fran\u00e7ais pensent que la CIA est impliqu\u00e9e dans l\u2019assassinat du pr\u00e9sident\u00a0 Kennedy.<\/p>\n<p style=\"text-align: justify;\">\u201424% pensent qu\u2019un projet \u00ab Nouvel Ordre Mondial \u00bb cherchant \u00e0 mettre en place une dictature oligarchique plan\u00e9taire existe.<\/p>\n<p style=\"text-align: justify;\">\u201416% pensent que les Am\u00e9ricains ne sont jamais all\u00e9s sur la lune<\/p>\n<p style=\"text-align: justify;\">\u20149% pensent que la Terre est plate.<\/p>\n<p style=\"text-align: justify;\">\u2014Les jeunes sont plus sensibles aux th\u00e9ories du complot que leurs a\u00een\u00e9s : les moins de 35 ans sont deux fois plus nombreux que les plus de 35 ans (21%, contre 11%) \u00e0 adh\u00e9rer \u00e0 au moins sept th\u00e9ories du complot.<\/p>\n<p style=\"text-align: justify;\">\u2014Pourcentage de tenants du complotisme par \u00e9lectrorat (personnes croyant \u00e0 7 th\u00e9ories complotistes au moins):<\/p>\n<p style=\"text-align: center;\">16% de l&rsquo;\u00e9lectorat de J-L. M\u00e9lenchon<br \/>\n22% de l&rsquo;\u00e9lectorat de M. Le Pen<br \/>\n7% de l&rsquo;\u00e9lectorat de B. Hamon,<br \/>\n8% de l&rsquo;\u00e9lectorat d\u2019E. Macron<br \/>\n8% de l&rsquo;\u00e9lectorat F. Fillon.<\/p>\n<p style=\"text-align: center;\"><strong>Et \u00e7a, c&rsquo;\u00e9tait il y a un an ! Alors, pensez, aujourd&rsquo;hui !<\/strong><\/p>\n<p><a href=\"https:\/\/www.ifop.com\/publication\/enquete-sur-le-complotisme\/\" target=\"_blank\" rel=\"noopener noreferrer\"><span style=\"color: #ff0000;\"><em>Le d\u00e9tail de l&rsquo;enqu\u00eate IFOP est accessible en cliquant ICI<\/em><\/span><\/a><\/p>\n<p><span style=\"color: #ff0000;\"><strong>ET BIENTOT SUR VOS \u00c9CRANS<\/strong><\/span><\/p>\n<ul>\n<li><span style=\"color: #ff0000;\"><strong>Demain, &#8230;Tableau 247<\/strong><\/span><\/li>\n<li><span style=\"color: #ff0000;\"><strong>31 Mar, &#8230;.J\u2019ai retrouv\u00e9 mon Baleini\u00e9<\/strong><\/span><\/li>\n<li><span style=\"color: #ff0000;\"><strong>2 Avr,\u00a0 &#8230;&#8230;Juliette et le Jardinier<\/strong><\/span><\/li>\n<\/ul>\n<p>&nbsp;<\/p>\n<p>&nbsp;<\/p>\n<p>&nbsp;<\/p>\n","protected":false},"excerpt":{"rendered":"<p>LA B\u00caTISE AU FRONT DE TAUREAU Nous avons, pour plaire \u00e0 la brute, Digne vassale des D\u00e9mons, Insult\u00e9 ce que nous aimons Et flatt\u00e9 ce qui nous rebute\u00a0; Contrist\u00e9, servile bourreau, Le faible qu\u2019\u00e0 tort on m\u00e9prise\u00a0; Salu\u00e9 l\u2019\u00e9norme b\u00eatise, La B\u00eatise au front de taureau Vendredi 29 mars 8 Fran\u00e7ais sur 10 sont complotistes &hellip; <a href=\"https:\/\/www.leblogdescoutheillas.com\/?p=17332\" class=\"more-link\">Continuer la lecture de <span class=\"screen-reader-text\">NOUVELLES DU FRONT (7) &#8211; 29\/03\/2019<\/span> <span class=\"meta-nav\">&rarr;<\/span><\/a><\/p>\n","protected":false},"author":1,"featured_media":0,"comment_status":"open","ping_status":"open","sticky":false,"template":"","format":"standard","meta":{"_mo_disable_npp":"","jetpack_post_was_ever_published":false,"_jetpack_newsletter_access":"","_jetpack_dont_email_post_to_subs":false,"_jetpack_newsletter_tier_id":0,"_jetpack_memberships_contains_paywalled_content":false,"_jetpack_memberships_contains_paid_content":false,"footnotes":"","jetpack_publicize_message":"","jetpack_publicize_feature_enabled":true,"jetpack_social_post_already_shared":false,"jetpack_social_options":{"image_generator_settings":{"template":"highway","default_image_id":0,"font":"","enabled":false},"version":2}},"categories":[6],"tags":[1490],"class_list":["post-17332","post","type-post","status-publish","format-standard","hentry","category-news","tag-complotisme"],"jetpack_publicize_connections":[],"jetpack_featured_media_url":"","jetpack_sharing_enabled":true,"_links":{"self":[{"href":"https:\/\/www.leblogdescoutheillas.com\/index.php?rest_route=\/wp\/v2\/posts\/17332","targetHints":{"allow":["GET"]}}],"collection":[{"href":"https:\/\/www.leblogdescoutheillas.com\/index.php?rest_route=\/wp\/v2\/posts"}],"about":[{"href":"https:\/\/www.leblogdescoutheillas.com\/index.php?rest_route=\/wp\/v2\/types\/post"}],"author":[{"embeddable":true,"href":"https:\/\/www.leblogdescoutheillas.com\/index.php?rest_route=\/wp\/v2\/users\/1"}],"replies":[{"embeddable":true,"href":"https:\/\/www.leblogdescoutheillas.com\/index.php?rest_route=%2Fwp%2Fv2%2Fcomments&post=17332"}],"version-history":[{"count":0,"href":"https:\/\/www.leblogdescoutheillas.com\/index.php?rest_route=\/wp\/v2\/posts\/17332\/revisions"}],"wp:attachment":[{"href":"https:\/\/www.leblogdescoutheillas.com\/index.php?rest_route=%2Fwp%2Fv2%2Fmedia&parent=17332"}],"wp:term":[{"taxonomy":"category","embeddable":true,"href":"https:\/\/www.leblogdescoutheillas.com\/index.php?rest_route=%2Fwp%2Fv2%2Fcategories&post=17332"},{"taxonomy":"post_tag","embeddable":true,"href":"https:\/\/www.leblogdescoutheillas.com\/index.php?rest_route=%2Fwp%2Fv2%2Ftags&post=17332"}],"curies":[{"name":"wp","href":"https:\/\/api.w.org\/{rel}","templated":true}]}}