{"id":17330,"date":"2019-05-11T07:47:37","date_gmt":"2019-05-11T05:47:37","guid":{"rendered":"http:\/\/www.leblogdescoutheillas.com\/?p=17330"},"modified":"2019-05-21T08:17:00","modified_gmt":"2019-05-21T06:17:00","slug":"conversation-sur-le-sable-3","status":"publish","type":"post","link":"https:\/\/www.leblogdescoutheillas.com\/?p=17330","title":{"rendered":"Conversation sur le sable &#8211; 3"},"content":{"rendered":"<p><span style=\"color: #0000ff;\"><em>Saint Br\u00e9vin l&rsquo;Oc\u00e9an, 12 aout 1948<\/em><\/span><br \/>\n<img loading=\"lazy\" decoding=\"async\" class=\"aligncenter size-full wp-image-14327\" src=\"http:\/\/www.leblogdescoutheillas.com\/wp-content\/uploads\/2018\/08\/IMGSt-Brev-P-M.jpg\" alt=\"\" width=\"772\" height=\"736\" srcset=\"https:\/\/www.leblogdescoutheillas.com\/wp-content\/uploads\/2018\/08\/IMGSt-Brev-P-M.jpg 772w, https:\/\/www.leblogdescoutheillas.com\/wp-content\/uploads\/2018\/08\/IMGSt-Brev-P-M-300x286.jpg 300w, https:\/\/www.leblogdescoutheillas.com\/wp-content\/uploads\/2018\/08\/IMGSt-Brev-P-M-768x732.jpg 768w\" sizes=\"auto, (max-width: 772px) 100vw, 772px\" \/><\/p>\n<p><em>Voix off dont on aper\u00e7oit l&rsquo;ombre dans l&rsquo;angle inf\u00e9rieur droit de la photo :<\/em><br \/>\n<strong>\u2014 Oh Roger ! Ce qu&rsquo;il est joli ton ch\u00e2teau de sable !<\/strong><\/p>\n<p><em>Enfant au premier plan :<\/em><br \/>\n<strong>\u2014\u00a0\u00a0Euh&#8230; ben&#8230;oui&#8230; euh&#8230; hein&#8230; \u00e7a &#8230; \u00e7a &#8230; \u00e7a va Ginette ? <\/strong><\/p>\n<p><em>Enfant au deuxi\u00e8me plan :<\/em><br \/>\n<strong>\u2014\u00a0\u00a0Parce que ce trou- l\u00e0, \u00e7a ressemble \u00e0 un ch\u00e2teau, peut-\u00eatre ?\u00a0Allez d\u00e9gage, p\u00e9tasse !<\/strong><\/p>\n<p><em>Voix off dont on aper\u00e7oit l&rsquo;ombre dans l&rsquo;angle inf\u00e9rieur droit de la photo <\/em><br \/>\n<strong>\u2014 Oh ben, Roger ! Il est pas poli ton copain !<\/strong><\/p>\n<p><em>Enfant au premier plan :<\/em><br \/>\n<strong>\u2014 Qui \u00e7a ? Celui-l\u00e0 ? Mais c&rsquo;est pas mon copain !<\/strong><\/p>\n<p><em>Les jambes au maillot de bain en laine en arri\u00e8re-plan, les yeux au ciel, en apart\u00e9\u00a0 :<\/em><br \/>\n<strong>\u2014 Avant que le coq ait chant\u00e9, tu m&rsquo;auras reni\u00e9 trois fois&#8230;<\/strong><\/p>\n<p><span style=\"color: #800080;\"><em>Pour r\u00e9-entendre les conversations pr\u00e9c\u00e9dentes, c&rsquo;est\u00a0 ici :\u00a0<\/em><\/span><\/p>\n<p><a href=\"http:\/\/www.leblogdescoutheillas.com\/?p=14325\" target=\"_blank\" rel=\"noopener noreferrer\"><span style=\"color: #800080;\"><em><strong>Conversation sur le sable &#8211; 1<\/strong><\/em><\/span><\/a><\/p>\n<p><a href=\"http:\/\/www.leblogdescoutheillas.com\/?p=15717\" target=\"_blank\" rel=\"noopener noreferrer\"><span style=\"color: #800080;\"><em><strong>Conversation sur le sable &#8211; 2<\/strong><\/em><\/span><\/a><\/p>\n","protected":false},"excerpt":{"rendered":"<p>Saint Br\u00e9vin l&rsquo;Oc\u00e9an, 12 aout 1948 Voix off dont on aper\u00e7oit l&rsquo;ombre dans l&rsquo;angle inf\u00e9rieur droit de la photo : \u2014 Oh Roger ! Ce qu&rsquo;il est joli ton ch\u00e2teau de sable ! Enfant au premier plan : \u2014\u00a0\u00a0Euh&#8230; ben&#8230;oui&#8230; euh&#8230; hein&#8230; \u00e7a &#8230; \u00e7a &#8230; \u00e7a va Ginette ? Enfant au deuxi\u00e8me plan : &hellip; <a href=\"https:\/\/www.leblogdescoutheillas.com\/?p=17330\" class=\"more-link\">Continuer la lecture de <span class=\"screen-reader-text\">Conversation sur le sable &#8211; 3<\/span> <span class=\"meta-nav\">&rarr;<\/span><\/a><\/p>\n","protected":false},"author":1,"featured_media":0,"comment_status":"open","ping_status":"open","sticky":false,"template":"","format":"standard","meta":{"_mo_disable_npp":"","jetpack_post_was_ever_published":false,"_jetpack_newsletter_access":"","_jetpack_dont_email_post_to_subs":false,"_jetpack_newsletter_tier_id":0,"_jetpack_memberships_contains_paywalled_content":false,"_jetpack_memberships_contains_paid_content":false,"footnotes":"","jetpack_publicize_message":"","jetpack_publicize_feature_enabled":true,"jetpack_social_post_already_shared":false,"jetpack_social_options":{"image_generator_settings":{"template":"highway","default_image_id":0,"font":"","enabled":false},"version":2}},"categories":[13,3,2],"tags":[21],"class_list":["post-17330","post","type-post","status-publish","format-standard","hentry","category-fiction","category-photos","category-textes","tag-philippe"],"jetpack_publicize_connections":[],"jetpack_featured_media_url":"","jetpack_sharing_enabled":true,"_links":{"self":[{"href":"https:\/\/www.leblogdescoutheillas.com\/index.php?rest_route=\/wp\/v2\/posts\/17330","targetHints":{"allow":["GET"]}}],"collection":[{"href":"https:\/\/www.leblogdescoutheillas.com\/index.php?rest_route=\/wp\/v2\/posts"}],"about":[{"href":"https:\/\/www.leblogdescoutheillas.com\/index.php?rest_route=\/wp\/v2\/types\/post"}],"author":[{"embeddable":true,"href":"https:\/\/www.leblogdescoutheillas.com\/index.php?rest_route=\/wp\/v2\/users\/1"}],"replies":[{"embeddable":true,"href":"https:\/\/www.leblogdescoutheillas.com\/index.php?rest_route=%2Fwp%2Fv2%2Fcomments&post=17330"}],"version-history":[{"count":0,"href":"https:\/\/www.leblogdescoutheillas.com\/index.php?rest_route=\/wp\/v2\/posts\/17330\/revisions"}],"wp:attachment":[{"href":"https:\/\/www.leblogdescoutheillas.com\/index.php?rest_route=%2Fwp%2Fv2%2Fmedia&parent=17330"}],"wp:term":[{"taxonomy":"category","embeddable":true,"href":"https:\/\/www.leblogdescoutheillas.com\/index.php?rest_route=%2Fwp%2Fv2%2Fcategories&post=17330"},{"taxonomy":"post_tag","embeddable":true,"href":"https:\/\/www.leblogdescoutheillas.com\/index.php?rest_route=%2Fwp%2Fv2%2Ftags&post=17330"}],"curies":[{"name":"wp","href":"https:\/\/api.w.org\/{rel}","templated":true}]}}