{"id":15924,"date":"2019-06-12T07:47:51","date_gmt":"2019-06-12T05:47:51","guid":{"rendered":"http:\/\/www.leblogdescoutheillas.com\/?p=15924"},"modified":"2019-06-14T09:15:38","modified_gmt":"2019-06-14T07:15:38","slug":"le-style-ou-letincelle","status":"publish","type":"post","link":"https:\/\/www.leblogdescoutheillas.com\/?p=15924","title":{"rendered":"Le style ou l&rsquo;\u00e9tincelle ?"},"content":{"rendered":"<p class=\"p1\" style=\"text-align: justify;\">L\u2019\u00e9criture uniforme, horizontale, coulant sans heurt, de celui qui a un style, ne procure jamais la perle. Mais l\u2019\u00e9criture de, je ne sais pas, moi, Racine ou Malherbe, \u00e9criture droite, diamant\u00e9e, est constell\u00e9e, c\u2019est \u00e7a, est mouchet\u00e9e d\u2019\u00e9tincelles car il y a l\u00e0, en abondance, les silex, les galets, d\u2019humbles clich\u00e9s, d\u2019humbles lieux communs. Ils n\u2019ont pas de style, ils \u00e9crivent sans style, c\u2019est \u00e7a, et eux sont capables de la phrase, de l\u2019\u00e9tincelle, de la perle pr\u00e9cieuse.<\/p>\n<p class=\"p1\" style=\"text-align: justify;\"><em>Samuel Beckett &#8211; Interview<\/em><\/p>\n<p class=\"p1\" style=\"text-align: justify;\"><span style=\"color: #0000ff;\"><em>Moi qui ai pass\u00e9 pas mal de temps \u00e0 d\u00e9clarer ici, ailleurs et sur tous les tons que \u00ab\u00a0l\u2019histoire on s\u2019en fout, c\u2019est le style qui compte\u00a0\u00bb, me voil\u00e0 bien embarrass\u00e9. Parce que Beckett, tout de m\u00eame &#8230;<\/em><\/span><\/p>\n","protected":false},"excerpt":{"rendered":"<p>L\u2019\u00e9criture uniforme, horizontale, coulant sans heurt, de celui qui a un style, ne procure jamais la perle. Mais l\u2019\u00e9criture de, je ne sais pas, moi, Racine ou Malherbe, \u00e9criture droite, diamant\u00e9e, est constell\u00e9e, c\u2019est \u00e7a, est mouchet\u00e9e d\u2019\u00e9tincelles car il y a l\u00e0, en abondance, les silex, les galets, d\u2019humbles clich\u00e9s, d\u2019humbles lieux communs. Ils &hellip; <a href=\"https:\/\/www.leblogdescoutheillas.com\/?p=15924\" class=\"more-link\">Continuer la lecture de <span class=\"screen-reader-text\">Le style ou l&rsquo;\u00e9tincelle ?<\/span> <span class=\"meta-nav\">&rarr;<\/span><\/a><\/p>\n","protected":false},"author":1,"featured_media":0,"comment_status":"open","ping_status":"open","sticky":false,"template":"","format":"standard","meta":{"_mo_disable_npp":"","jetpack_post_was_ever_published":false,"_jetpack_newsletter_access":"","_jetpack_dont_email_post_to_subs":false,"_jetpack_newsletter_tier_id":0,"_jetpack_memberships_contains_paywalled_content":false,"_jetpack_memberships_contains_paid_content":false,"footnotes":"","jetpack_publicize_message":"","jetpack_publicize_feature_enabled":true,"jetpack_social_post_already_shared":false,"jetpack_social_options":{"image_generator_settings":{"template":"highway","default_image_id":0,"font":"","enabled":false},"version":2}},"categories":[4],"tags":[267],"class_list":["post-15924","post","type-post","status-publish","format-standard","hentry","category-citations","tag-samuel-beckett"],"jetpack_publicize_connections":[],"jetpack_featured_media_url":"","jetpack_sharing_enabled":true,"_links":{"self":[{"href":"https:\/\/www.leblogdescoutheillas.com\/index.php?rest_route=\/wp\/v2\/posts\/15924","targetHints":{"allow":["GET"]}}],"collection":[{"href":"https:\/\/www.leblogdescoutheillas.com\/index.php?rest_route=\/wp\/v2\/posts"}],"about":[{"href":"https:\/\/www.leblogdescoutheillas.com\/index.php?rest_route=\/wp\/v2\/types\/post"}],"author":[{"embeddable":true,"href":"https:\/\/www.leblogdescoutheillas.com\/index.php?rest_route=\/wp\/v2\/users\/1"}],"replies":[{"embeddable":true,"href":"https:\/\/www.leblogdescoutheillas.com\/index.php?rest_route=%2Fwp%2Fv2%2Fcomments&post=15924"}],"version-history":[{"count":0,"href":"https:\/\/www.leblogdescoutheillas.com\/index.php?rest_route=\/wp\/v2\/posts\/15924\/revisions"}],"wp:attachment":[{"href":"https:\/\/www.leblogdescoutheillas.com\/index.php?rest_route=%2Fwp%2Fv2%2Fmedia&parent=15924"}],"wp:term":[{"taxonomy":"category","embeddable":true,"href":"https:\/\/www.leblogdescoutheillas.com\/index.php?rest_route=%2Fwp%2Fv2%2Fcategories&post=15924"},{"taxonomy":"post_tag","embeddable":true,"href":"https:\/\/www.leblogdescoutheillas.com\/index.php?rest_route=%2Fwp%2Fv2%2Ftags&post=15924"}],"curies":[{"name":"wp","href":"https:\/\/api.w.org\/{rel}","templated":true}]}}