{"id":15908,"date":"2018-12-18T20:41:41","date_gmt":"2018-12-18T18:41:41","guid":{"rendered":"http:\/\/www.leblogdescoutheillas.com\/?p=15908"},"modified":"2018-12-18T22:01:13","modified_gmt":"2018-12-18T20:01:13","slug":"derniere-heure-triste-triste","status":"publish","type":"post","link":"https:\/\/www.leblogdescoutheillas.com\/?p=15908","title":{"rendered":"Derni\u00e8re heure\u00a0: triste, triste"},"content":{"rendered":"<p style=\"text-align: justify;\"><strong><img loading=\"lazy\" decoding=\"async\" class=\"size-thumbnail wp-image-15687 alignleft\" src=\"http:\/\/www.leblogdescoutheillas.com\/wp-content\/uploads\/2018\/12\/IMG_6602-150x150.jpg\" alt=\"\" width=\"150\" height=\"150\" \/>Derni\u00e8re heure\u00a0: triste, triste<\/strong><br \/>\n<em>Mardi 18 d\u00e9cembre<\/em><\/p>\n<p style=\"text-align: justify;\">En plein c\u0153ur de Paris, au beau milieu du V\u00e8me arrondissement, \u00e0 deux pas de la Mairie et \u00e0 trois du Panth\u00e9on, en face de la Facult\u00e9 de Droit, pas loin de la Biblioth\u00e8que Ste Genevi\u00e8ve, du Lyc\u00e9e Louis-le-Grand, du Lyc\u00e9e Henri IV et du S\u00e9nat, les banques doivent barricader leurs vitrines en attendant le prochain samedi, le prochain acte de cette com\u00e9die tragique. Triste, triste. Mais on s\u2019en remettra. Par contre&#8230;<\/p>\n<p><img loading=\"lazy\" decoding=\"async\" class=\"size-medium wp-image-15907 alignright\" src=\"http:\/\/www.leblogdescoutheillas.com\/wp-content\/uploads\/2018\/12\/IMG_6617-300x207.jpg\" alt=\"\" width=\"300\" height=\"207\" srcset=\"https:\/\/www.leblogdescoutheillas.com\/wp-content\/uploads\/2018\/12\/IMG_6617-300x207.jpg 300w, https:\/\/www.leblogdescoutheillas.com\/wp-content\/uploads\/2018\/12\/IMG_6617-768x530.jpg 768w, https:\/\/www.leblogdescoutheillas.com\/wp-content\/uploads\/2018\/12\/IMG_6617-960x663.jpg 960w\" sizes=\"auto, (max-width: 300px) 100vw, 300px\" \/><\/p>\n<p style=\"text-align: justify;\">Par contre, dans les mois qui viennent, il va falloir compter avec toutes les faillites qu\u2019auront engendr\u00e9 ces mouvements de G.J. Pour ceux qui ne feront pas faillites, il faudra compter avec la r\u00e9duction parfois dramatique de leur chiffre d\u2019affaires, qui entrainera moins de b\u00e9n\u00e9fices, moins d\u2019investissements, moins de salaires, moins d\u2019embauches et davantage de licenciements. Il faudra compter avec la baisse des touristes qui n\u2019auront plus envie pour longtemps de venir dans un pays o\u00f9 ils ont vu bruler des voitures, saccager des vitrines, piller des magasins, vandaliser des monuments. \u00ab\u00a0<strong><em>La plus belle avenue du monde en feu\u00a0!<\/em><\/strong>\u00a0\u00bb Vous pensez si le titre a plu \u00e0 Shanga\u00ef, \u00e0 Kyoto et \u00e0 Kuala-Lumpur. Il faudra compter aussi avec<!--more--> l\u2019annulation des investissements \u00e9trangers, nouvelles usines, nouveaux bureaux, dans un pays ou, pour une augmentation du prix de l\u2019essence, on peut bloquer impun\u00e9ment circulation pendant des semaines sans \u00eatre inqui\u00e9t\u00e9.<br \/>\nEt d\u2019autres cons\u00e9quences que j\u2019ignore encore, mais que vous d\u00e9couvrirez avec moi bient\u00f4t<\/p>\n<p style=\"text-align: justify;\">\u00c7a, c\u2019\u00e9tait pour l\u2019avenir, mais pour ce qui est de l\u2019imm\u00e9diat, apr\u00e8s un peu plus d\u2019un mois de troubles, la pr\u00e9vision de croissance pour le 4<sup>\u00e8me<\/sup> trimestre vient de passer de 0,4% \u00e0 0,2%. Divis\u00e9e par deux\u00a0! Bon, \u00e7a, c\u2019est fait.<\/p>\n<p style=\"text-align: justify;\">Mais on s\u2019en fout, n\u2019est-ce pas\u00a0? On a cass\u00e9 du verre et du CRS, on a brul\u00e9 des voitures de flics, on a bloqu\u00e9 des camions de produits \u00e9trangers, des voyageurs oisifs, des patrons furieux, des touristes pas de chez nous, alors vous pensez si on s\u2019en fout. En plus, on s\u2019est bien marr\u00e9. On leur a dit ce qu\u2019on pensait, \u00e0 tous ces incapables du gouvernement, d\u00e9put\u00e9s, s\u00e9nateurs, et hauts-fonctionnaires. Vous \u00eates tous des voleurs, des pourris, des nantis, qu\u2019on leur a dit. On leur a dit ce qu\u2019on voulait : gouverner nous-m\u00eames, sans eux, d\u00e9-mo-cra-ti-que-ment, juste nous, enfin ceux qui \u00e9taient dans les manifs et sur les ronds-points. Parce que les autres, ils n\u2019auront qu\u2019\u00e0 la fermer. Le peuple, c\u2019est pas eux, c&rsquo;est nous. La preuve, c\u2019est qu\u2019il n\u2019y a m\u00eame pas besoin de nouvelles \u00e9lections. On met dehors ceux qui sont l\u00e0, et on ne les remplace pas. On ne verra m\u00eame pas la diff\u00e9rence, au contraire, \u00e7a marchera bien mieux. Parce que eux, malgr\u00e9 toutes leurs \u00e9tudes et\u00a0 leurs dipl\u00f4mes, ils ne savent pas, ils ne savent rien. Tandis que nous, on sait, enfin on saura, avec juste un peu de bon sens. Pour chaque loi, il suffira de voter, tous, tout le monde et voil\u00e0, la loi ce sera ce qu\u2019on aura vot\u00e9, exactement. Et si le r\u00e9sultat du vote ne nous plaisait pas, eh bien il suffirait de remettre nos gilets jaunes et de faire revoter. Jusqu\u2019\u00e0 ce que \u00e7a nous plaise, \u00e0 nous, le peuple. Il n\u2019y a pas plus simple, pas plus lumineux, pas plus d\u00e9-mo-cra-ti-que, pas vrai\u00a0? Ren\u00e9 nous a dit que \u00e7a s\u2019appelait le Referendum d\u2019initiative citoyenne. On n\u2019a pas bien compris, mais Ren\u00e9, lui, il sait, il connait la politique, puisqu\u2019il est au Front National, excusez\u00a0: au Rassemblement National. Mais G\u00e9rard, celui qui est permanent \u00e0 la France Insoumise, lui, ce qu\u2019il veut c\u2019est le R\u00e9f\u00e9rendum d\u2019initiative populaire. Ren\u00e9 nous a dit \u00ab\u00a0Vous compliquez pas, les gars. C\u2019est la m\u00eame chose\u00a0!\u00bb Il va falloir que quelqu\u2019un nous explique, quand m\u00eame\u00a0!<\/p>\n<p style=\"text-align: justify;\">Peut-\u00eatre le JdC\u00a0?<\/p>\n<p style=\"text-align: justify;\">Pourquoi pas\u00a0? Un de ces jours&#8230;<\/p>\n<p><span style=\"color: #ff0000;\"><strong>ET DEMAIN, UNE AFFAIRE DE FAMILLE (CRITIQUE AISEE)<\/strong><\/span><\/p>\n","protected":false},"excerpt":{"rendered":"<p>Derni\u00e8re heure\u00a0: triste, triste Mardi 18 d\u00e9cembre En plein c\u0153ur de Paris, au beau milieu du V\u00e8me arrondissement, \u00e0 deux pas de la Mairie et \u00e0 trois du Panth\u00e9on, en face de la Facult\u00e9 de Droit, pas loin de la Biblioth\u00e8que Ste Genevi\u00e8ve, du Lyc\u00e9e Louis-le-Grand, du Lyc\u00e9e Henri IV et du S\u00e9nat, les banques &hellip; <a href=\"https:\/\/www.leblogdescoutheillas.com\/?p=15908\" class=\"more-link\">Continuer la lecture de <span class=\"screen-reader-text\">Derni\u00e8re heure\u00a0: triste, triste<\/span> <span class=\"meta-nav\">&rarr;<\/span><\/a><\/p>\n","protected":false},"author":1,"featured_media":0,"comment_status":"open","ping_status":"open","sticky":false,"template":"","format":"standard","meta":{"_mo_disable_npp":"","jetpack_post_was_ever_published":false,"_jetpack_newsletter_access":"","_jetpack_dont_email_post_to_subs":false,"_jetpack_newsletter_tier_id":0,"_jetpack_memberships_contains_paywalled_content":false,"_jetpack_memberships_contains_paid_content":false,"footnotes":"","jetpack_publicize_message":"","jetpack_publicize_feature_enabled":true,"jetpack_social_post_already_shared":false,"jetpack_social_options":{"image_generator_settings":{"template":"highway","default_image_id":0,"font":"","enabled":false},"version":2}},"categories":[6],"tags":[21],"class_list":["post-15908","post","type-post","status-publish","format-standard","hentry","category-news","tag-philippe"],"jetpack_publicize_connections":[],"jetpack_featured_media_url":"","jetpack_sharing_enabled":true,"_links":{"self":[{"href":"https:\/\/www.leblogdescoutheillas.com\/index.php?rest_route=\/wp\/v2\/posts\/15908","targetHints":{"allow":["GET"]}}],"collection":[{"href":"https:\/\/www.leblogdescoutheillas.com\/index.php?rest_route=\/wp\/v2\/posts"}],"about":[{"href":"https:\/\/www.leblogdescoutheillas.com\/index.php?rest_route=\/wp\/v2\/types\/post"}],"author":[{"embeddable":true,"href":"https:\/\/www.leblogdescoutheillas.com\/index.php?rest_route=\/wp\/v2\/users\/1"}],"replies":[{"embeddable":true,"href":"https:\/\/www.leblogdescoutheillas.com\/index.php?rest_route=%2Fwp%2Fv2%2Fcomments&post=15908"}],"version-history":[{"count":0,"href":"https:\/\/www.leblogdescoutheillas.com\/index.php?rest_route=\/wp\/v2\/posts\/15908\/revisions"}],"wp:attachment":[{"href":"https:\/\/www.leblogdescoutheillas.com\/index.php?rest_route=%2Fwp%2Fv2%2Fmedia&parent=15908"}],"wp:term":[{"taxonomy":"category","embeddable":true,"href":"https:\/\/www.leblogdescoutheillas.com\/index.php?rest_route=%2Fwp%2Fv2%2Fcategories&post=15908"},{"taxonomy":"post_tag","embeddable":true,"href":"https:\/\/www.leblogdescoutheillas.com\/index.php?rest_route=%2Fwp%2Fv2%2Ftags&post=15908"}],"curies":[{"name":"wp","href":"https:\/\/api.w.org\/{rel}","templated":true}]}}