{"id":15867,"date":"2018-12-15T17:37:56","date_gmt":"2018-12-15T15:37:56","guid":{"rendered":"http:\/\/www.leblogdescoutheillas.com\/?p=15867"},"modified":"2018-12-15T23:44:57","modified_gmt":"2018-12-15T21:44:57","slug":"15867","status":"publish","type":"post","link":"https:\/\/www.leblogdescoutheillas.com\/?p=15867","title":{"rendered":"Derni\u00e8re heure\u00a0: Ga Bu Zo Meu"},"content":{"rendered":"<p style=\"text-align: justify;\"><strong>Derni\u00e8re heure\u00a0: Ga Bu Zo Meu<\/strong><br \/>\n<em>Samedi 16 d\u00e9cembre<\/em><\/p>\n<p style=\"text-align: justify;\"><img loading=\"lazy\" decoding=\"async\" class=\"alignleft size-medium wp-image-15805\" src=\"http:\/\/www.leblogdescoutheillas.com\/wp-content\/uploads\/2018\/12\/Horloge-300x197.jpg\" alt=\"\" width=\"300\" height=\"197\" srcset=\"https:\/\/www.leblogdescoutheillas.com\/wp-content\/uploads\/2018\/12\/Horloge-300x197.jpg 300w, https:\/\/www.leblogdescoutheillas.com\/wp-content\/uploads\/2018\/12\/Horloge-768x504.jpg 768w, https:\/\/www.leblogdescoutheillas.com\/wp-content\/uploads\/2018\/12\/Horloge-960x630.jpg 960w\" sizes=\"auto, (max-width: 300px) 100vw, 300px\" \/>Une des caract\u00e9ristiques principales du mouvement des Gilets Jaunes, c\u2019est l\u2019h\u00e9t\u00e9rog\u00e9n\u00e9it\u00e9.<br \/>\nDes RMIstes, bien s\u00fbr, des RSA, naturellement, des pauvres, malheureusement. Ceux-l\u00e0 ont des raisons de r\u00e9clamer, m\u00eame si le syst\u00e8me de redistribution fran\u00e7ais est parmi les plus lourds et les plus g\u00e9n\u00e9reux du monde. Ils veulent un peu plus d\u2019argent. Logique.<\/p>\n<p style=\"text-align: justify;\">Mais dans le mouvement, il y a aussi des commer\u00e7ants, des artisans, des petits entrepreneurs dont on connait bien le vieux fond poujadiste, anti-imp\u00f4ts, anti-r\u00e9glementation, antiparlementaire, anti-autorit\u00e9. Ils veulent un peu moins de taxes. Pourquoi pas\u00a0?<\/p>\n<p style=\"text-align: justify;\">Mais il y a \u00e9galement des extr\u00eames\u00a0: des extr\u00eames de droite et des extr\u00eames de gauche. Ceux-l\u00e0, quand ils ne font pas <!--more-->partie de l\u2019un des deux sous-ensembles cit\u00e9s ci-dessus, ne r\u00e9clament rien de sp\u00e9cial. Ils veulent juste le d\u00e9sordre pour r\u00e9cup\u00e9rer le pouvoir.<\/p>\n<p style=\"text-align: justify;\">La semaine, les G.J. de ces trois groupes bloquent les carrefours\u00a0; ils vous obligent \u00e0 porter leur uniforme pour passer\u00a0; ils mettent le feu o\u00f9 ils veulent, peinturlurent l\u00e0 o\u00f9 \u00e7a leur chante ; ils r\u00e9pondent avec d\u00e9lectation aux interviews complaisantes de BFM\u00a0: \u00ab\u00a0<em>Il n\u2019a pas d\u00e9missionn\u00e9\u00a0! On ira jusqu\u2019au bout\u00a0!\u00a0\u00bb\u00a0 \u00a0 \u00ab\u00a0Jusqu\u2019au bout de quoi\u00a0?\u00a0\u00bb\u00a0 \u00a0 \u00a0\u00ab\u00a0Jusqu\u2019au bout&#8230;<\/em>\u00a0\u00bb<\/p>\n<p style=\"text-align: justify;\">Et le samedi, ils manifestent, \u00e0 Paris, Bordeaux, Toulouse&#8230;<br \/>\nCombien sont-ils\u00a0? Depuis un mois que \u00e7a dure, jamais plus de 10.000 \u00e0 Paris.\u00a0 Demandez donc \u00e0 la CGT si, pour elle, 10.000 personnes, c\u2019est une r\u00e9ussite\u00a0! Aujourd&rsquo;hui \u00e0 Paris, probablement moins de 3.000 personnes.<\/p>\n<p style=\"text-align: justify;\">Mais leur petit nombre n\u2019emp\u00eache pas ces G.J., de parler au nom du peuple, de dire \u00ab\u00a0Les Fran\u00e7ais en ont assez, ils ne veulent plus de ce r\u00e9gime. Les Fran\u00e7ais veulent la d\u00e9mission de Macron, un r\u00e9f\u00e9rendum, la d\u00e9mocratie directe&#8230;\u00a0\u00bb repris en c\u0153ur par les journalistes \u00ab\u00a0Les Fran\u00e7ais ont perdu confiance, etc&#8230;\u00a0\u00bb Mais de quels Fran\u00e7ais ces gens-l\u00e0 parlent-ils\u00a0?<\/p>\n<p style=\"text-align: justify;\">Et puis, le samedi aussi, les quelques centaines de casseurs professionnels viennent s\u2019infiltrer dans les quelques milliers de G.J. \u00c9quip\u00e9s, entrain\u00e9s, dirig\u00e9s, mobiles, violents,\u00a0ils cherchent la faute de l\u2019adversaire, la bavure regrettable, sous l\u2019\u0153il complaisant des G.J. Ce qu\u2019ils veulent\u00a0: le d\u00e9sordre par la terreur, le d\u00e9sordre pour le d\u00e9sordre, probablement m\u00eame pas pour un utopique grand soir, ou peut-\u00eatre, mais alors mondial.<\/p>\n<p style=\"text-align: justify;\">Et quand les G.J. commencent \u00e0 rentrer \u00e0 la maison, que les derniers d\u2019entre eux et les casseurs continuent d&rsquo;amuser la police, arrivent les pilleurs. Et ceux-l\u00e0, que veulent-ils\u00a0? Rien, juste faire leurs courses.<\/p>\n<p style=\"text-align: justify;\">Enfin, il y a ceux qui ne sont ni pauvres, ni commer\u00e7ants, ni extr\u00eames, ni casseurs, ni pilleurs. D\u00e8s le d\u00e9part, Macron ne leur \u00e9tait pas sympathique, pour des raisons diff\u00e9rentes\u00a0: \u00ab\u00a0il est trop jeune, tout lui r\u00e9ussit, il parle bizarrement, il est intelligent, il a trahi Hollande, il est \u00e0 droite, il doit gagner beaucoup d\u2019argent, il est \u00e0 gauche, il est centriste, il est quoi exactement\u00a0?, il est ci, il est \u00e7a, il n\u2019est pas comme moi&#8230;\u00a0\u00bb Impossible pour eux de s\u2019assimiler \u00e0 ce type venu d\u2019une autre plan\u00e8te. Avec sa fa\u00e7on de parler, de r\u00e9pondre, de d\u00e9cider, de tenir, Macron a fait naitre chez ceux-l\u00e0 une sorte de haine, visc\u00e9rale, inexplicable, irrationnelle. Quelle que soit l\u2019objection que vous fassiez et quel que soit votre argument, celui des r\u00e9formes qui sont devenues vitales, celui de l\u2019image du pays \u00e0 l\u2019\u00e9tranger qui s\u2019am\u00e9liore, celui de l\u2019Europe dont il voudrait \u00eatre le leader moral, la r\u00e9ponse est \u00ab\u00a0Oui, peut-\u00eatre bien, mais je l\u2019aime pas\u00a0\u00bb. Et ce \u00ab\u00a0Oui, peut-\u00eatre bien, mais je l\u2019aime pas\u00a0\u00bb s\u2019est transform\u00e9 en un soutien massif du mouvement des G.J.<\/p>\n<p style=\"text-align: justify;\">75% des Fran\u00e7ais, pourtant parfaitement au courant des destructions de v\u00e9hicules, de magasins et de monuments, de la perte \u00e9conomique engendr\u00e9e, d\u00e9sormais irrattrapable, de la volont\u00e9 d\u00e9lib\u00e9r\u00e9e de blesser du CRS, des revendications multi-directionnelles, irrationnelles et contradictoires, du d\u00e9sordre et m\u00eame de l\u2019incompatibilit\u00e9 qui r\u00e8gne parmi les G.J., 75 % des Fran\u00e7ais affirment soutenir le mouvement.<\/p>\n<p style=\"text-align: justify;\">Sans eux, sans le soutien des 75%, jamais les G.J. n\u2019auraient connu un tel succ\u00e8s ni n\u2019auraient atteint un tel niveau d\u2019audience pour ne pas dire d\u2019\u00e9coute.<\/p>\n<p style=\"text-align: justify;\">Quand nous aurons fini de r\u00e9parer les d\u00e9g\u00e2ts, de soigner les bless\u00e9s et de pleurer les morts, quand nous aurons mis trois ans \u00e0 r\u00e9cup\u00e9rer le niveau \u00e9conomique que nous avions atteint hier, quand l\u2019Europe se sera d\u00e9sint\u00e9gr\u00e9e pour vingt ans sous les coups de ce nouveau populisme, quand nous serons bient\u00f4t amen\u00e9s \u00e0 choisir entre M.Le Pen et J.L. M\u00e9lenchon, quand l\u2019un de ceux-l\u00e0 aura gagn\u00e9 (M\u00e9lenchon n\u2019a aucune chance, mais il ne faut pas lui dire), quand le taux d\u2019imposition de la France sera pass\u00e9 \u00e0 55%, ou la dette \u00e0 130% du PIB, quand le nombre de fonctionnaires augmentera de 5% par an, ou bien quand le gouvernement prendra ses instructions sur Facebook, quand le prix des p\u00e9ages, de l\u2019essence et quand les salaires seront d\u00e9termin\u00e9s par referendum populaire, quand chaque rond-point sera un lieu de sondage, chaque p\u00e9age un bureau de vote, quand, quand&#8230; alors nous aurons atteint le meilleur des mondes.<\/p>\n<p style=\"text-align: justify;\">Et la soci\u00e9t\u00e9, enfin parfaite, \u00e9l\u00e8vera un monument \u00e0 la gloire des 75% de sond\u00e9s qui, en soutenant mordicus le mouvement des G.J., nous auront valu ce paradis. Alors, avant de retourner pomper le Cosmogol<sup>(1)<\/sup>, tous ensemble, nous pourrons entonner l\u2019hymne des Shadoks\u00a0: \u00a0<strong><em>Ga Bu Zo Meu\u00a0!<\/em><\/strong><\/p>\n<p style=\"text-align: justify;\"><span style=\"color: #0000ff;\"><em>(1) Cosmogol\u00a0: carburant d\u00e9tax\u00e9 de l\u2019univers des Shadoks<\/em><\/span><\/p>\n<p>&nbsp;<\/p>\n<p><span style=\"color: #ff0000;\"><strong>ET DEMAIN, COUP DE BLUES A SAINT-GERMAIN DES PR\u00c9S<\/strong><\/span><\/p>\n<p style=\"text-align: justify;\">\n","protected":false},"excerpt":{"rendered":"<p>Derni\u00e8re heure\u00a0: Ga Bu Zo Meu Samedi 16 d\u00e9cembre Une des caract\u00e9ristiques principales du mouvement des Gilets Jaunes, c\u2019est l\u2019h\u00e9t\u00e9rog\u00e9n\u00e9it\u00e9. Des RMIstes, bien s\u00fbr, des RSA, naturellement, des pauvres, malheureusement. Ceux-l\u00e0 ont des raisons de r\u00e9clamer, m\u00eame si le syst\u00e8me de redistribution fran\u00e7ais est parmi les plus lourds et les plus g\u00e9n\u00e9reux du monde. Ils &hellip; <a href=\"https:\/\/www.leblogdescoutheillas.com\/?p=15867\" class=\"more-link\">Continuer la lecture de <span class=\"screen-reader-text\">Derni\u00e8re heure\u00a0: Ga Bu Zo Meu<\/span> <span class=\"meta-nav\">&rarr;<\/span><\/a><\/p>\n","protected":false},"author":1,"featured_media":0,"comment_status":"open","ping_status":"open","sticky":false,"template":"","format":"standard","meta":{"_mo_disable_npp":"","jetpack_post_was_ever_published":false,"_jetpack_newsletter_access":"","_jetpack_dont_email_post_to_subs":false,"_jetpack_newsletter_tier_id":0,"_jetpack_memberships_contains_paywalled_content":false,"_jetpack_memberships_contains_paid_content":false,"footnotes":"","jetpack_publicize_message":"","jetpack_publicize_feature_enabled":true,"jetpack_social_post_already_shared":false,"jetpack_social_options":{"image_generator_settings":{"template":"highway","default_image_id":0,"font":"","enabled":false},"version":2}},"categories":[6],"tags":[21],"class_list":["post-15867","post","type-post","status-publish","format-standard","hentry","category-news","tag-philippe"],"jetpack_publicize_connections":[],"jetpack_featured_media_url":"","jetpack_sharing_enabled":true,"_links":{"self":[{"href":"https:\/\/www.leblogdescoutheillas.com\/index.php?rest_route=\/wp\/v2\/posts\/15867","targetHints":{"allow":["GET"]}}],"collection":[{"href":"https:\/\/www.leblogdescoutheillas.com\/index.php?rest_route=\/wp\/v2\/posts"}],"about":[{"href":"https:\/\/www.leblogdescoutheillas.com\/index.php?rest_route=\/wp\/v2\/types\/post"}],"author":[{"embeddable":true,"href":"https:\/\/www.leblogdescoutheillas.com\/index.php?rest_route=\/wp\/v2\/users\/1"}],"replies":[{"embeddable":true,"href":"https:\/\/www.leblogdescoutheillas.com\/index.php?rest_route=%2Fwp%2Fv2%2Fcomments&post=15867"}],"version-history":[{"count":0,"href":"https:\/\/www.leblogdescoutheillas.com\/index.php?rest_route=\/wp\/v2\/posts\/15867\/revisions"}],"wp:attachment":[{"href":"https:\/\/www.leblogdescoutheillas.com\/index.php?rest_route=%2Fwp%2Fv2%2Fmedia&parent=15867"}],"wp:term":[{"taxonomy":"category","embeddable":true,"href":"https:\/\/www.leblogdescoutheillas.com\/index.php?rest_route=%2Fwp%2Fv2%2Fcategories&post=15867"},{"taxonomy":"post_tag","embeddable":true,"href":"https:\/\/www.leblogdescoutheillas.com\/index.php?rest_route=%2Fwp%2Fv2%2Ftags&post=15867"}],"curies":[{"name":"wp","href":"https:\/\/api.w.org\/{rel}","templated":true}]}}