{"id":15852,"date":"2018-12-19T08:47:57","date_gmt":"2018-12-19T06:47:57","guid":{"rendered":"http:\/\/www.leblogdescoutheillas.com\/?p=15852"},"modified":"2018-12-20T08:59:11","modified_gmt":"2018-12-20T06:59:11","slug":"15852","status":"publish","type":"post","link":"https:\/\/www.leblogdescoutheillas.com\/?p=15852","title":{"rendered":"Une affaire de famille &#8211; Critique ais\u00e9e n\u00b0146"},"content":{"rendered":"<p style=\"text-align: justify;\"><span style=\"color: #0000ff;\"><em>Critique ais\u00e9e n\u00b0146<\/em><\/span><\/p>\n<p style=\"text-align: justify;\"><strong>Une affaire de famille<\/strong><br \/>\n<em>Hirokazu Kore-eda &#8211; 2018<\/em><br \/>\n<em><img loading=\"lazy\" decoding=\"async\" class=\"alignright size-full wp-image-15854\" src=\"http:\/\/www.leblogdescoutheillas.com\/wp-content\/uploads\/2018\/12\/download.jpg\" alt=\"\" width=\"306\" height=\"164\" srcset=\"https:\/\/www.leblogdescoutheillas.com\/wp-content\/uploads\/2018\/12\/download.jpg 306w, https:\/\/www.leblogdescoutheillas.com\/wp-content\/uploads\/2018\/12\/download-300x161.jpg 300w\" sizes=\"auto, (max-width: 306px) 100vw, 306px\" \/>Palme d&rsquo;Or du Festival de Cannes &#8211; 2018<\/em><\/p>\n<p style=\"text-align: justify;\">J\u2019h\u00e9site beaucoup \u00e0 dire ce que je pense de ce film. Tant de lauriers \u00e0 Cannes, tant d\u2019analyses \u00e9logieuses sur T\u00e9l\u00e9rama, tant de louanges dans les journaux&#8230; Je suis tr\u00e8s impressionn\u00e9. Je ne suis m\u00eame plus certain d\u2019avoir un avis.<br \/>\nAllons, courage\u00a0!<\/p>\n<p style=\"text-align: justify;\">Oui, c\u2019est vrai, cette dr\u00f4le de famille est aussi sympathique que d\u00e9glingu\u00e9e. C\u2019est vrai aussi que les deux enfants sont excellents et que les adultes ne sont pas mal non plus. C\u2019est vrai qu\u2019il y a des<!--more--> sc\u00e8nes sobres et touchantes\u00a0: la petite fille qui demande pardon, l\u2019homme qui voudrait se faire appeler papa, le commer\u00e7ant vol\u00e9 qui&#8230;<br \/>\nMais le film est interminable, r\u00e9p\u00e9titif, rallong\u00e9, d\u00e9lay\u00e9 \u00e0 souhait. Il dure deux heures mais aurait pu sans peine \u00eatre r\u00e9duit \u00e0 80 minutes si seulement les acteurs ne laissaient pas passer cinq secondes entre chaque r\u00e9plique du dialogue.<\/p>\n<p style=\"text-align: justify;\">Chaude ambiance familiale chez de gentils Th\u00e9nardiers, contemplation des actes quotidiens dans un int\u00e9rieur exigu, bord\u00e9lique et chaleureux, situations sensibles, mais r\u00e9p\u00e9titions abusives et d\u00e9layages syst\u00e9matiques&#8230; Bref, un beau film, sensible, touchant, bien intentionn\u00e9, mais un vrai coup de barbe.<\/p>\n<p><span style=\"color: #ff0000;\"><strong>ET DEMAIN, UN TABLEAU DE SEBASTIEN<\/strong><\/span><\/p>\n","protected":false},"excerpt":{"rendered":"<p>Critique ais\u00e9e n\u00b0146 Une affaire de famille Hirokazu Kore-eda &#8211; 2018 Palme d&rsquo;Or du Festival de Cannes &#8211; 2018 J\u2019h\u00e9site beaucoup \u00e0 dire ce que je pense de ce film. Tant de lauriers \u00e0 Cannes, tant d\u2019analyses \u00e9logieuses sur T\u00e9l\u00e9rama, tant de louanges dans les journaux&#8230; Je suis tr\u00e8s impressionn\u00e9. Je ne suis m\u00eame plus &hellip; <a href=\"https:\/\/www.leblogdescoutheillas.com\/?p=15852\" class=\"more-link\">Continuer la lecture de <span class=\"screen-reader-text\">Une affaire de famille &#8211; Critique ais\u00e9e n\u00b0146<\/span> <span class=\"meta-nav\">&rarr;<\/span><\/a><\/p>\n","protected":false},"author":1,"featured_media":0,"comment_status":"open","ping_status":"open","sticky":false,"template":"","format":"standard","meta":{"_mo_disable_npp":"","jetpack_post_was_ever_published":false,"_jetpack_newsletter_access":"","_jetpack_dont_email_post_to_subs":false,"_jetpack_newsletter_tier_id":0,"_jetpack_memberships_contains_paywalled_content":false,"_jetpack_memberships_contains_paid_content":false,"footnotes":"","jetpack_publicize_message":"","jetpack_publicize_feature_enabled":true,"jetpack_social_post_already_shared":false,"jetpack_social_options":{"image_generator_settings":{"template":"highway","default_image_id":0,"font":"","enabled":false},"version":2}},"categories":[94,2],"tags":[98,21],"class_list":["post-15852","post","type-post","status-publish","format-standard","hentry","category-critiques","category-textes","tag-cinema","tag-philippe"],"jetpack_publicize_connections":[],"jetpack_featured_media_url":"","jetpack_sharing_enabled":true,"_links":{"self":[{"href":"https:\/\/www.leblogdescoutheillas.com\/index.php?rest_route=\/wp\/v2\/posts\/15852","targetHints":{"allow":["GET"]}}],"collection":[{"href":"https:\/\/www.leblogdescoutheillas.com\/index.php?rest_route=\/wp\/v2\/posts"}],"about":[{"href":"https:\/\/www.leblogdescoutheillas.com\/index.php?rest_route=\/wp\/v2\/types\/post"}],"author":[{"embeddable":true,"href":"https:\/\/www.leblogdescoutheillas.com\/index.php?rest_route=\/wp\/v2\/users\/1"}],"replies":[{"embeddable":true,"href":"https:\/\/www.leblogdescoutheillas.com\/index.php?rest_route=%2Fwp%2Fv2%2Fcomments&post=15852"}],"version-history":[{"count":0,"href":"https:\/\/www.leblogdescoutheillas.com\/index.php?rest_route=\/wp\/v2\/posts\/15852\/revisions"}],"wp:attachment":[{"href":"https:\/\/www.leblogdescoutheillas.com\/index.php?rest_route=%2Fwp%2Fv2%2Fmedia&parent=15852"}],"wp:term":[{"taxonomy":"category","embeddable":true,"href":"https:\/\/www.leblogdescoutheillas.com\/index.php?rest_route=%2Fwp%2Fv2%2Fcategories&post=15852"},{"taxonomy":"post_tag","embeddable":true,"href":"https:\/\/www.leblogdescoutheillas.com\/index.php?rest_route=%2Fwp%2Fv2%2Ftags&post=15852"}],"curies":[{"name":"wp","href":"https:\/\/api.w.org\/{rel}","templated":true}]}}