{"id":1551,"date":"2020-03-08T07:47:31","date_gmt":"2020-03-08T06:47:31","guid":{"rendered":"http:\/\/leblogdescoutheillas.com\/?p=1551"},"modified":"2020-03-15T11:51:33","modified_gmt":"2020-03-15T10:51:33","slug":"le-parc-aux-cerfs","status":"publish","type":"post","link":"https:\/\/www.leblogdescoutheillas.com\/?p=1551","title":{"rendered":"Le Parc aux Cerfs"},"content":{"rendered":"<p><span style=\"color: #0000ff;\"><em><strong>Le Parc aux Cerfs est ferm\u00e9.<br \/>\nC&rsquo;est probablement d\u00e9finitif, parce que l&rsquo;autre jour, quand je suis pass\u00e9 devant, un type collait sur la vitrine une affiche qui disait \u00ab\u00a0A C\u00c9DER\u00a0\u00bb.<br \/>\nC&rsquo;est triste.<br \/>\nEncore un bout de Montparnasse qui se fait la malle.\u00a0<\/strong><\/em><\/span><\/p>\n<p><span style=\"color: #0000ff;\"><em><strong>Qu&rsquo;est-ce qui va remplacer un de mes restaurants f\u00e9tiches ?\u00a0<\/strong><\/em><\/span><br \/>\n<span style=\"color: #0000ff;\"><em><strong>On parie pour une boutique de fringues ou une agence immobili\u00e8re ?\u00a0<\/strong><\/em><\/span><br \/>\n<em><strong><span style=\"color: #0000ff;\">En attendant, relisez donc mon Parc aux Cerfs.<\/span><\/strong><\/em><\/p>\n<p>&nbsp;<\/p>\n<p><span style=\"color: #0000ff;\"><em>Couleur Caf\u00e9 10<\/em><\/span><br \/>\n<strong>Le Parc aux Cerfs, Rue Vavin, Paris.<\/strong><\/p>\n<p style=\"text-align: justify;\">J&rsquo;aime bien le Parc aux Cerfs. Cr\u00e9\u00e9 en tant que bar am\u00e9ricain dans l&rsquo;imm\u00e9diat apr\u00e8s-guerre, il s&rsquo;est vite transform\u00e9 en restaurant. Je le fr\u00e9quente depuis plus de trente ans. Son c\u00f4t\u00e9 confortable, sa d\u00e9coration hors mode, son calme, la gentillesse sans familiarit\u00e9 du personnel, sa cuisine toujours simple et de qualit\u00e9, tout cela continue de m&rsquo;attirer r\u00e9guli\u00e8rement. J&rsquo;aime aussi l&rsquo;ap\u00e9ritif offert et les petits gobelets remplis de crayons de couleur qui \u00e9quipent les tables depuis toujours.<\/p>\n<p style=\"text-align: justify;\">La fa\u00e7ade est plut\u00f4t discr\u00e8te, mais l&#8217;emplacement dans la rue Vavin et le voisinage des <!--more-->grandes brasseries de Montparnasse ont valu au Parc aux Cerfs\u00a0d&rsquo;\u00eatre fr\u00e9quent\u00e9 parfois par quelques c\u00e9l\u00e9brit\u00e9s.<\/p>\n<p style=\"text-align: justify;\">C&rsquo;est ainsi qu&rsquo;un soir de Novembre 1955, alors que son atelier se trouvait encore rue des Grands Augustins, Picasso vient diner au Parc\u00a0 avec Jacqueline Roque et un ami dont le nom m&rsquo;\u00e9chappe aujourd&rsquo;hui. Vers la fin du repas, en attendant le caf\u00e9, \u00a0Pablo griffonne machinalement sur la nappe en papier de la table \u00e0 pr\u00e9sent d\u00e9barrass\u00e9e.<br \/>\nIl y a d\u00e9j\u00e0 longtemps que le patron a reconnu le peintre, mais il n&rsquo;a pas encore os\u00e9 le d\u00e9ranger. Devant le dessin qui prend forme sur la nappe, il n&rsquo;y tient plus et s&rsquo;approche respectueusement de la table :<br \/>\n-Ma\u00eetre, dit-il, je suis infiniment honor\u00e9 par votre pr\u00e9sence dans mon restaurant.<br \/>\nMontrant le gribouillage multicolore sur la nappe, il poursuit :<br \/>\n-Je serais le plus heureux des hommes si vous me permettiez de conserver ce souvenir de votre passage. Bien entendu, vous \u00eates mes invit\u00e9s.<br \/>\nPicasso, ce soir-l\u00e0 de bonne humeur, accepte avec bonhommie.\u00a0Le patron remercie avec effusion, \u00a0puis, rouge de plaisir et de confusion, il demande:<br \/>\n-Ma\u00eetre, votre dessin n&rsquo;est pas sign\u00e9. Serait-ce trop vous demander de bien vouloir&#8230;<br \/>\nIl n&rsquo;a pas le temps de terminer sa requ\u00eate que Picasso l&rsquo;interrompt:<br \/>\n-Ah, non, cher Monsieur. Je paie notre diner, je n&rsquo;ach\u00e8te pas le restaurant !<\/p>\n<p style=\"text-align: justify;\">Cette anecdote est connue. Elle est vraisemblable. Il se pourrait m\u00eame qu&rsquo;elle soit vraie. Pourtant, je ne crois pas qu\u2019elle se soit jamais pass\u00e9e au Parc aux Cerfs.<br \/>\nMais, comme j&rsquo;aime bien ce restaurant, faisons comme si, voulez-vous?<\/p>\n<p>&nbsp;<\/p>\n","protected":false},"excerpt":{"rendered":"<p>Le Parc aux Cerfs est ferm\u00e9. C&rsquo;est probablement d\u00e9finitif, parce que l&rsquo;autre jour, quand je suis pass\u00e9 devant, un type collait sur la vitrine une affiche qui disait \u00ab\u00a0A C\u00c9DER\u00a0\u00bb. C&rsquo;est triste. Encore un bout de Montparnasse qui se fait la malle.\u00a0 Qu&rsquo;est-ce qui va remplacer un de mes restaurants f\u00e9tiches ?\u00a0 On parie pour &hellip; <a href=\"https:\/\/www.leblogdescoutheillas.com\/?p=1551\" class=\"more-link\">Continuer la lecture de <span class=\"screen-reader-text\">Le Parc aux Cerfs<\/span> <span class=\"meta-nav\">&rarr;<\/span><\/a><\/p>\n","protected":false},"author":1,"featured_media":0,"comment_status":"open","ping_status":"open","sticky":false,"template":"","format":"standard","meta":{"_mo_disable_npp":"","jetpack_post_was_ever_published":false,"_jetpack_newsletter_access":"","_jetpack_dont_email_post_to_subs":false,"_jetpack_newsletter_tier_id":0,"_jetpack_memberships_contains_paywalled_content":false,"_jetpack_memberships_contains_paid_content":false,"footnotes":"","jetpack_publicize_message":"","jetpack_publicize_feature_enabled":true,"jetpack_social_post_already_shared":true,"jetpack_social_options":{"image_generator_settings":{"template":"highway","default_image_id":0,"font":"","enabled":false},"version":2}},"categories":[13,12,2],"tags":[404,403,21,402],"class_list":["post-1551","post","type-post","status-publish","format-standard","hentry","category-fiction","category-recit","category-textes","tag-crayons-de-couleur","tag-jacqueline-roque","tag-philippe","tag-picasso"],"jetpack_publicize_connections":[],"jetpack_featured_media_url":"","jetpack_sharing_enabled":true,"_links":{"self":[{"href":"https:\/\/www.leblogdescoutheillas.com\/index.php?rest_route=\/wp\/v2\/posts\/1551","targetHints":{"allow":["GET"]}}],"collection":[{"href":"https:\/\/www.leblogdescoutheillas.com\/index.php?rest_route=\/wp\/v2\/posts"}],"about":[{"href":"https:\/\/www.leblogdescoutheillas.com\/index.php?rest_route=\/wp\/v2\/types\/post"}],"author":[{"embeddable":true,"href":"https:\/\/www.leblogdescoutheillas.com\/index.php?rest_route=\/wp\/v2\/users\/1"}],"replies":[{"embeddable":true,"href":"https:\/\/www.leblogdescoutheillas.com\/index.php?rest_route=%2Fwp%2Fv2%2Fcomments&post=1551"}],"version-history":[{"count":0,"href":"https:\/\/www.leblogdescoutheillas.com\/index.php?rest_route=\/wp\/v2\/posts\/1551\/revisions"}],"wp:attachment":[{"href":"https:\/\/www.leblogdescoutheillas.com\/index.php?rest_route=%2Fwp%2Fv2%2Fmedia&parent=1551"}],"wp:term":[{"taxonomy":"category","embeddable":true,"href":"https:\/\/www.leblogdescoutheillas.com\/index.php?rest_route=%2Fwp%2Fv2%2Fcategories&post=1551"},{"taxonomy":"post_tag","embeddable":true,"href":"https:\/\/www.leblogdescoutheillas.com\/index.php?rest_route=%2Fwp%2Fv2%2Ftags&post=1551"}],"curies":[{"name":"wp","href":"https:\/\/api.w.org\/{rel}","templated":true}]}}