{"id":13817,"date":"2018-10-11T07:47:37","date_gmt":"2018-10-11T05:47:37","guid":{"rendered":"http:\/\/www.leblogdescoutheillas.com\/?p=13817"},"modified":"2018-10-11T07:54:00","modified_gmt":"2018-10-11T05:54:00","slug":"13817","status":"publish","type":"post","link":"https:\/\/www.leblogdescoutheillas.com\/?p=13817","title":{"rendered":"Hom\u00e8re, la mort et les poux"},"content":{"rendered":"<p style=\"text-align: justify;\">Avec Marcel Proust et Raymond Chandler, Hom\u00e8re est l&rsquo;un de mes auteurs favoris. Si on sait tout du petit Marcel et presque tout du grand Raymond, on n&rsquo;en sait que tr\u00e8s peu sur Hom\u00e8re.<\/p>\n<p style=\"text-align: justify;\">On ne sait m\u00eame pas s&rsquo;il a vraiment exist\u00e9. Certains auteurs savants pr\u00e9tendent qu&rsquo;Hom\u00e8re \u00e9tait en fait plusieurs personnes. D&rsquo;autres, encore plus savants, pr\u00e9cisent qu&rsquo;il est une cr\u00e9ation pure de po\u00e8tes \u00e9piques qui se seraient forg\u00e9s un anc\u00eatre dont ils seraient les descendants, formant ainsi l&rsquo;\u00c9cole des Hom\u00e9rides.<\/p>\n<p style=\"text-align: justify;\">A supposer qu&rsquo;il ait exist\u00e9, \u00e9tait-il vraiment grec ? La question parait stupide, pourtant, selon des sources diff\u00e9rentes et tout aussi savantes, il se pourrait bien qu&rsquo;il<!--more--> soit n\u00e9 \u00e0 Chypre, ou en Troade (Turquie), ou \u00e0 Th\u00e8bes (\u00c9gypte), ou en Cr\u00e8te, ou en Grande Gr\u00e8ce (Italie du Sud). On ne sait pas vraiment et c&rsquo;est louche.<\/p>\n<p style=\"text-align: justify;\">De plus, cet apatride cosmopolite \u00e9tait-il vraiment aveugle ? Selon la l\u00e9gende, il l&rsquo;\u00e9tait, mais rien n&rsquo;est moins s\u00fbr, comme le dit Monsieur Pierre Judet de la Combe<sup>1<\/sup> :<\/p>\n<p style=\"text-align: justify;\">\u00ab\u00a0<em>Hom\u00e8re pour la plupart \u00e9tait aveugle, pour d&rsquo;autres non : il d\u00e9crit si bien les lieux, les combats, qu&rsquo;il devait avoir ses deux yeux. Pour certains, il \u00e9tait aveugle de naissance. Pour d&rsquo;autres, il avait <!--more--><\/em><\/p>\n<p style=\"text-align: justify;\"><em>perdu la vue avant de composer l&rsquo;Iliade et l&rsquo;Odyss\u00e9e, car la c\u00e9cit\u00e9 signale la condition du po\u00e8te voyant. Pour d&rsquo;autres encore, il a \u00e9t\u00e9 aveugl\u00e9 par H\u00e9l\u00e8ne en personne, m\u00e9contente de se voir maltrait\u00e9e dans l&rsquo;Iliade, po\u00e8me qu&rsquo;il aurait donc compos\u00e9 alors qu&rsquo;il voyait encore.<\/em> \u00ab\u00a0<\/p>\n<p style=\"text-align: justify;\">N\u00e9 ou pas, Grec ou m\u00e9t\u00e8que, aveugle ou voyant, ce qui est certain c&rsquo;est qu&rsquo;il n&rsquo;a pas publi\u00e9 grand-chose depuis longtemps. Il est donc permis de supposer qu&rsquo;il est d\u00e9finitivement d\u00e9c\u00e9d\u00e9, pratiquement d\u00e9funt.<\/p>\n<p style=\"text-align: justify;\">Mais comment est-il mort, le po\u00e8te ? L\u00e0 encore, rien n&rsquo;est certain.<\/p>\n<p style=\"text-align: justify;\">Si les historiens paraissent presque unanimes sur les circonstances, c&rsquo;est sur les causes de cette mort que les avis divergent. Voici :<\/p>\n<p style=\"text-align: justify;\">Dans le port d&rsquo;Ios, petite \u00eele de la mer \u00c9g\u00e9e, Hom\u00e8re fait le malin et se moque de trois jeunes p\u00eacheurs en leur demandant de fa\u00e7on savante s&rsquo;ils ont attrap\u00e9 quelque chose. La forme de la question est cuistre et pompeuse, chacun le reconnait. Alors, les trois jeunes gens lui r\u00e9pondent sous une forme particuli\u00e8rement en vogue \u00e0 l&rsquo;\u00e9poque : l&rsquo;\u00e9nigme. Ils lui disent :<\/p>\n<p style=\"text-align: justify;\">\u00ab\u00a0<strong><em>Tout ce que nous avons pris, nous l&rsquo;avons laiss\u00e9 ; tout ce que nous n&rsquo;avons pas pris, nous l&#8217;emportons<\/em><\/strong>.\u00a0\u00bb<\/p>\n<p style=\"text-align: justify;\"><img loading=\"lazy\" decoding=\"async\" class=\"size-full wp-image-13822 alignright\" src=\"http:\/\/www.leblogdescoutheillas.com\/wp-content\/uploads\/2018\/06\/images-4.jpg\" alt=\"\" width=\"153\" height=\"162\" \/>Le vieil aveugle a beau se creuser la cervelle, fouiller dans sa barbe, se gratter la t\u00eate, il n&rsquo;arrive pas \u00e0 d\u00e9chiffrer l&rsquo;\u00e9nigme et meurt peu apr\u00e8s. Voil\u00e0 pour les circonstances.<\/p>\n<p style=\"text-align: justify;\">Pour ce qui est causes, les uns disent qu&rsquo;il est mort de chagrin de n&rsquo;avoir pu r\u00e9soudre l&rsquo;\u00e9nigme, alors que les autres affirment qu&rsquo;alors qu&rsquo;Hom\u00e8re s&rsquo;\u00e9loignait tout penaud et pr\u00e9occup\u00e9 par son \u00e9chec, il a gliss\u00e9 dans une flaque d&rsquo;eau, chut\u00e9 lourdement et, trois jours plus tard, est mort de cette chute.<\/p>\n<p style=\"text-align: justify;\">Sic transit gloria mundi.<\/p>\n<p style=\"text-align: justify;\">Mais que voulaient donc dire les jeunes p\u00eacheurs d&rsquo;Ios ? Selon H\u00e9rodote d&rsquo;Halicarnasse, H\u00e9raclite d&rsquo;\u00c9ph\u00e8se et Pierre Judet de la Combe, les godelureaux venaient de s&rsquo;\u00e9pouiller mutuellement.<\/p>\n<p style=\"text-align: justify;\">Vous pigez, maintenant ? Si vous n&rsquo;avez toujours pas compris, n&rsquo;allez quand m\u00eame pas en faire une syncope. Posez plut\u00f4t la question au JdC dans votre prochain commentaire.<\/p>\n<p><span style=\"color: #0000ff;\"><em>Note 1 : Hom\u00e8re, par Pierre Judet de la Combe &#8211; Gallimard &#8211; 2017<\/em><\/span><\/p>\n<p>&nbsp;<\/p>\n<p>&nbsp;<\/p>\n","protected":false},"excerpt":{"rendered":"<p>Avec Marcel Proust et Raymond Chandler, Hom\u00e8re est l&rsquo;un de mes auteurs favoris. Si on sait tout du petit Marcel et presque tout du grand Raymond, on n&rsquo;en sait que tr\u00e8s peu sur Hom\u00e8re. On ne sait m\u00eame pas s&rsquo;il a vraiment exist\u00e9. Certains auteurs savants pr\u00e9tendent qu&rsquo;Hom\u00e8re \u00e9tait en fait plusieurs personnes. D&rsquo;autres, encore &hellip; <a href=\"https:\/\/www.leblogdescoutheillas.com\/?p=13817\" class=\"more-link\">Continuer la lecture de <span class=\"screen-reader-text\">Hom\u00e8re, la mort et les poux<\/span> <span class=\"meta-nav\">&rarr;<\/span><\/a><\/p>\n","protected":false},"author":1,"featured_media":0,"comment_status":"open","ping_status":"open","sticky":false,"template":"","format":"standard","meta":{"_mo_disable_npp":"","jetpack_post_was_ever_published":false,"_jetpack_newsletter_access":"","_jetpack_dont_email_post_to_subs":false,"_jetpack_newsletter_tier_id":0,"_jetpack_memberships_contains_paywalled_content":false,"_jetpack_memberships_contains_paid_content":false,"footnotes":"","jetpack_publicize_message":"","jetpack_publicize_feature_enabled":true,"jetpack_social_post_already_shared":false,"jetpack_social_options":{"image_generator_settings":{"template":"highway","default_image_id":0,"font":"","enabled":false},"version":2}},"categories":[2,15],"tags":[1410,1411,20,21],"class_list":["post-13817","post","type-post","status-publish","format-standard","hentry","category-textes","category-themes","tag-heraclite","tag-herodote","tag-homere","tag-philippe"],"jetpack_publicize_connections":[],"jetpack_featured_media_url":"","jetpack_sharing_enabled":true,"_links":{"self":[{"href":"https:\/\/www.leblogdescoutheillas.com\/index.php?rest_route=\/wp\/v2\/posts\/13817","targetHints":{"allow":["GET"]}}],"collection":[{"href":"https:\/\/www.leblogdescoutheillas.com\/index.php?rest_route=\/wp\/v2\/posts"}],"about":[{"href":"https:\/\/www.leblogdescoutheillas.com\/index.php?rest_route=\/wp\/v2\/types\/post"}],"author":[{"embeddable":true,"href":"https:\/\/www.leblogdescoutheillas.com\/index.php?rest_route=\/wp\/v2\/users\/1"}],"replies":[{"embeddable":true,"href":"https:\/\/www.leblogdescoutheillas.com\/index.php?rest_route=%2Fwp%2Fv2%2Fcomments&post=13817"}],"version-history":[{"count":0,"href":"https:\/\/www.leblogdescoutheillas.com\/index.php?rest_route=\/wp\/v2\/posts\/13817\/revisions"}],"wp:attachment":[{"href":"https:\/\/www.leblogdescoutheillas.com\/index.php?rest_route=%2Fwp%2Fv2%2Fmedia&parent=13817"}],"wp:term":[{"taxonomy":"category","embeddable":true,"href":"https:\/\/www.leblogdescoutheillas.com\/index.php?rest_route=%2Fwp%2Fv2%2Fcategories&post=13817"},{"taxonomy":"post_tag","embeddable":true,"href":"https:\/\/www.leblogdescoutheillas.com\/index.php?rest_route=%2Fwp%2Fv2%2Ftags&post=13817"}],"curies":[{"name":"wp","href":"https:\/\/api.w.org\/{rel}","templated":true}]}}