{"id":13068,"date":"2018-08-05T07:47:36","date_gmt":"2018-08-05T05:47:36","guid":{"rendered":"http:\/\/www.leblogdescoutheillas.com\/?p=13068"},"modified":"2018-04-30T19:26:39","modified_gmt":"2018-04-30T17:26:39","slug":"les-portraits-de-lorenzo-3","status":"publish","type":"post","link":"https:\/\/www.leblogdescoutheillas.com\/?p=13068","title":{"rendered":"Les portraits de Lorenzo \u2013 3"},"content":{"rendered":"<p style=\"text-align: justify;\">Je n&rsquo;oublierai jamais monsieur C. qui \u00e9tait lecteur chez Gallimard ! Le terme n&rsquo;est peut-\u00eatre pas le bon mais il lisait les manuscrits et s\u00e9lectionnait ceux dignes d&rsquo;\u00eatre publi\u00e9s. Quand il prit sa retraite, monsieur Gallimard, qui devait avoir beaucoup d&rsquo;estime pour lui, lui proposa la direction d&rsquo;une collection d\u00e9pendant de sa maison d&rsquo;\u00e9dition, L&rsquo;Arpenteur. Bernard C. ne serait plus salari\u00e9 mais r\u00e9mun\u00e9r\u00e9 au pourcentage des ventes. Il accepta l&rsquo;offre. Le premier livre qu&rsquo;il choisit avait \u00e9t\u00e9 refus\u00e9 par toutes les autres maisons d&rsquo;\u00e9dition. Il s&rsquo;agissait de\u00a0 <em>\u00a0\u00bb La premi\u00e8re gorg\u00e9e de bi\u00e8re \u00ab\u00a0<\/em> de Philippe Delerm. Le succ\u00e8s d\u00e9passa ses esp\u00e9rances et celles de son \u00e9diteur puisque l&rsquo;ouvrage se vendit \u00e0 plus d&rsquo;un million d\u2019exemplaires, troisi\u00e8me plus grosse vente de tous les temps ! Pour un coup d&rsquo;essai, ce fut un coup de ma\u00eetre\u00a0! Le jeune retrait\u00e9 <!--more-->dev\u00eent millionnaire alors qu\u2019il n&rsquo;avait \u00e9t\u00e9 que salari\u00e9 toute sa vie. Il m\u00e9ritait de s\u2019acheter plusieurs peintures contemporaines, sa passion. Quel beau conte de f\u00e9e ! Il surv\u00e9cut assez mal \u00e0 ce succ\u00e8s inattendu. Je le rencontrais souvent faisant ses courses dans mon quartier mais il avait beaucoup vieilli et ne me reconnaissait plus. Bernard C. avait d&rsquo;autres qualit\u00e9s litt\u00e9raires et humaines. ll consid\u00e9rait que Modiano \u00e9tait le plus grand \u00e9crivain fran\u00e7ais contemporain mais il n&rsquo;avait pas os\u00e9 le lui dire un jour o\u00f9 il l\u2019avait crois\u00e9 dans la rue !<\/p>\n<p style=\"text-align: justify;\">J&rsquo;avais connu Bernard C. dans les ann\u00e9es quatre-vingt quand on n&rsquo;endormait pas encore les patients soumis \u00e0 cet acte barbare auquel je dois ma notori\u00e9t\u00e9 et mon aisance mat\u00e9rielle. A cette \u00e9poque donc, je lui fis l&rsquo;examen sans anesth\u00e9sie, ou plut\u00f4t avec une anesth\u00e9sie al\u00e9atoire ! Il s&rsquo;agissait de morceaux de jazz tr\u00e8s m\u00e9lodieux enregistr\u00e9s sur un magn\u00e9tophone \u00e0 cassettes plac\u00e9 dans la salle d&rsquo;examen. Bernard C. avait ador\u00e9 cette musique et n&rsquo;avait ressenti aucune douleur. Mon patron, Bernard S., avait choisi de faire \u00e9couter \u00e0 ses victimes la Chevauch\u00e9e des Walkyries qui ne les apaisait pas du tout.<\/p>\n<p style=\"text-align: center;\">***<\/p>\n<p style=\"text-align: justify;\">Assise sur ses genoux, sa fillette tentait d\u2019attirer mon attention en faisant les marionnettes avec ses petites mains maladroites. J\u2019\u00e9tais plut\u00f4t distrait par son man\u00e8ge. Et puis elle m\u2019a appel\u00e9 Papy et sa maman a ri. Je lui ai dit que cela ne me faisait pas rire du tout que sa fille m\u2019appelle Papy. Alors elle a ri encore plus et m\u2019a dit\u00a0: \u00ab\u00a0Vous devriez \u00eatre content, au contraire, parce que son Papy, il n\u2019a que quarante cinq ans\u00a0!\u00a0\u00bb Et elle a ajout\u00e9\u00a0: \u00ab\u00a0Vous, c\u2019est soixante-cinq\u00a0?\u00a0\u00bb. Je croyais, \u00e0 nouveau vex\u00e9, qu\u2019elle parlait de mon \u00e2ge, mais il s\u2019agissait de soixante-cinq euros, le prix de la consultation \u2026\u2026<\/p>\n","protected":false},"excerpt":{"rendered":"<p>Je n&rsquo;oublierai jamais monsieur C. qui \u00e9tait lecteur chez Gallimard ! Le terme n&rsquo;est peut-\u00eatre pas le bon mais il lisait les manuscrits et s\u00e9lectionnait ceux dignes d&rsquo;\u00eatre publi\u00e9s. Quand il prit sa retraite, monsieur Gallimard, qui devait avoir beaucoup d&rsquo;estime pour lui, lui proposa la direction d&rsquo;une collection d\u00e9pendant de sa maison d&rsquo;\u00e9dition, L&rsquo;Arpenteur. &hellip; <a href=\"https:\/\/www.leblogdescoutheillas.com\/?p=13068\" class=\"more-link\">Continuer la lecture de <span class=\"screen-reader-text\">Les portraits de Lorenzo \u2013 3<\/span> <span class=\"meta-nav\">&rarr;<\/span><\/a><\/p>\n","protected":false},"author":1,"featured_media":0,"comment_status":"open","ping_status":"open","sticky":false,"template":"","format":"standard","meta":{"_mo_disable_npp":"","_jetpack_newsletter_access":"","_jetpack_dont_email_post_to_subs":false,"_jetpack_newsletter_tier_id":0,"_jetpack_memberships_contains_paywalled_content":false,"_jetpack_feature_clip_id":0,"_jetpack_memberships_contains_paid_content":false,"footnotes":"","jetpack_publicize_message":"","jetpack_publicize_feature_enabled":true,"jetpack_social_post_already_shared":false,"jetpack_social_options":{"image_generator_settings":{"template":"highway","default_image_id":0,"font":"","enabled":false},"version":2},"jetpack_post_was_ever_published":false},"categories":[12,2],"tags":[1372],"class_list":["post-13068","post","type-post","status-publish","format-standard","hentry","category-recit","category-textes","tag-lorenzo"],"jetpack_publicize_connections":[],"jetpack_sharing_enabled":true,"jetpack_featured_media_url":"","_links":{"self":[{"href":"https:\/\/www.leblogdescoutheillas.com\/index.php?rest_route=\/wp\/v2\/posts\/13068","targetHints":{"allow":["GET"]}}],"collection":[{"href":"https:\/\/www.leblogdescoutheillas.com\/index.php?rest_route=\/wp\/v2\/posts"}],"about":[{"href":"https:\/\/www.leblogdescoutheillas.com\/index.php?rest_route=\/wp\/v2\/types\/post"}],"author":[{"embeddable":true,"href":"https:\/\/www.leblogdescoutheillas.com\/index.php?rest_route=\/wp\/v2\/users\/1"}],"replies":[{"embeddable":true,"href":"https:\/\/www.leblogdescoutheillas.com\/index.php?rest_route=%2Fwp%2Fv2%2Fcomments&post=13068"}],"version-history":[{"count":0,"href":"https:\/\/www.leblogdescoutheillas.com\/index.php?rest_route=\/wp\/v2\/posts\/13068\/revisions"}],"wp:attachment":[{"href":"https:\/\/www.leblogdescoutheillas.com\/index.php?rest_route=%2Fwp%2Fv2%2Fmedia&parent=13068"}],"wp:term":[{"taxonomy":"category","embeddable":true,"href":"https:\/\/www.leblogdescoutheillas.com\/index.php?rest_route=%2Fwp%2Fv2%2Fcategories&post=13068"},{"taxonomy":"post_tag","embeddable":true,"href":"https:\/\/www.leblogdescoutheillas.com\/index.php?rest_route=%2Fwp%2Fv2%2Ftags&post=13068"}],"curies":[{"name":"wp","href":"https:\/\/api.w.org\/{rel}","templated":true}]}}