{"id":12827,"date":"2018-09-26T07:47:13","date_gmt":"2018-09-26T05:47:13","guid":{"rendered":"http:\/\/www.leblogdescoutheillas.com\/?p=12827"},"modified":"2019-03-25T09:04:25","modified_gmt":"2019-03-25T07:04:25","slug":"le-pont-royal","status":"publish","type":"post","link":"https:\/\/www.leblogdescoutheillas.com\/?p=12827","title":{"rendered":"Caf\u00e9 marron (Couleur caf\u00e9 n\u00b024)"},"content":{"rendered":"<p style=\"text-align: justify;\"><img loading=\"lazy\" decoding=\"async\" class=\"size-medium wp-image-12830\" src=\"http:\/\/www.leblogdescoutheillas.com\/wp-content\/uploads\/2018\/04\/Inte\u0301rieur-Pont-Royal-300x258.jpg\" alt=\"\" width=\"300\" height=\"258\" srcset=\"https:\/\/www.leblogdescoutheillas.com\/wp-content\/uploads\/2018\/04\/Inte\u0301rieur-Pont-Royal-300x258.jpg 300w, https:\/\/www.leblogdescoutheillas.com\/wp-content\/uploads\/2018\/04\/Inte\u0301rieur-Pont-Royal-768x659.jpg 768w, https:\/\/www.leblogdescoutheillas.com\/wp-content\/uploads\/2018\/04\/Inte\u0301rieur-Pont-Royal.jpg 777w\" sizes=\"auto, (max-width: 300px) 100vw, 300px\" \/><span style=\"color: #0000ff;\"><em>Couleur Caf\u00e9 n\u00b0\u00a024<\/em><\/span><\/p>\n<p style=\"text-align: justify;\"><strong>Le Pont Royal<\/strong><br \/>\n<em>8 Rue du Bac<\/em><\/p>\n<p style=\"text-align: justify;\">C\u2019est un tout petit bistrot aux couleurs parisiennes de petit bistrot.<br \/>\nLes couleurs parisiennes du petit bistrot parisien sont \u00e0 base de marron :<br \/>\nMarron rouge les petites tables carr\u00e9es et la moleskine des banquettes,<br \/>\nMarron clair les murs,<br \/>\nMarron fonc\u00e9 les inscriptions qui ordonnent en arc de cercle\u00a0<strong><em>: \u00ab\u00a0D\u00e9gustez nos vins de province\u00a0\u00bb, \u00ab\u00a0Ap\u00e9ritifs\u00a0\u00bb, \u00ab\u00a0Champagne\u00a0\u00bb, \u00ab\u00a0Macon\u00a0\u00bb, \u00ab\u00a0Petit Chablis\u00a0\u00bb,<\/em><\/strong> qui d\u00e9signent les <strong><em>\u00ab\u00a0Toilettes\u00a0\u00ab\u00a0.<\/em><\/strong><br \/>\nParfois une ardoise en trompe l\u2019\u0153il apporte sa touche noire avec au milieu le souvenir d&rsquo;un ancien plat du jour.<br \/>\nMais le marron reprend ses droits en <!--more-->informant : <strong><em>\u00ab\u00a0Suggestion du Jour\u00a0: Blanquette \u00e0 l\u2019ancienne\u00a0\u00bb <\/em><\/strong>ou en pr\u00e9cisant :\u00a0<strong><em>\u00ab\u00a0Heineken\u00a04\u20ac50\u00a0 Pelforth 3\u20ac50\u00a0\u00bb.<\/em><\/strong><br \/>\nMarron chaud le haut du bar et le bas de sa corniche,<br \/>\nMarron fonc\u00e9 la colonne qui soutient le vieux plafond marron caramel et qui r\u00e9duit le passage vers la cuisine et les toilettes.<\/p>\n<p style=\"text-align: justify;\">On devrait classer les couleurs parisiennes du petit bistrot parisien, comme on l&rsquo;a fait pour celle de la Place Mass\u00e9na de Nice. On devrait interdire de les remplacer par de joyeuses briques \u00e0 la new-yorkaise, des peintures pastel du <em>1950 revival<\/em>, des papiers perses des ann\u00e9es 60, de fausses boiseries sombres des ann\u00e9es 1900.<\/p>\n<p style=\"text-align: justify;\">Dans ce d\u00e9cor tout en brun, on imagine bien, derri\u00e8re le bar et entre deux \u00e2ges, un patron bourru, ventru, moustachu et aveyronnais, et, par la porte ouverte de la cuisine, \u00e0 travers un nuage de vapeurs et de graillon, une patronne en fichu et tablier.<\/p>\n<p style=\"text-align: justify;\">Les nouveaux propri\u00e9taires sont vietnamiens.<\/p>\n<p>&nbsp;<\/p>\n<p><span style=\"color: #ff0000;\"><strong>ET DEMAIN, ARRETE TON CHAR\u00a0<\/strong><\/span><\/p>\n<p style=\"text-align: justify;\">\n","protected":false},"excerpt":{"rendered":"<p>Couleur Caf\u00e9 n\u00b0\u00a024 Le Pont Royal 8 Rue du Bac C\u2019est un tout petit bistrot aux couleurs parisiennes de petit bistrot. Les couleurs parisiennes du petit bistrot parisien sont \u00e0 base de marron : Marron rouge les petites tables carr\u00e9es et la moleskine des banquettes, Marron clair les murs, Marron fonc\u00e9 les inscriptions qui ordonnent &hellip; <a href=\"https:\/\/www.leblogdescoutheillas.com\/?p=12827\" class=\"more-link\">Continuer la lecture de <span class=\"screen-reader-text\">Caf\u00e9 marron (Couleur caf\u00e9 n\u00b024)<\/span> <span class=\"meta-nav\">&rarr;<\/span><\/a><\/p>\n","protected":false},"author":1,"featured_media":0,"comment_status":"open","ping_status":"open","sticky":false,"template":"","format":"standard","meta":{"_mo_disable_npp":"","jetpack_post_was_ever_published":false,"_jetpack_newsletter_access":"","_jetpack_dont_email_post_to_subs":false,"_jetpack_newsletter_tier_id":0,"_jetpack_memberships_contains_paywalled_content":false,"_jetpack_memberships_contains_paid_content":false,"footnotes":"","jetpack_publicize_message":"","jetpack_publicize_feature_enabled":true,"jetpack_social_post_already_shared":false,"jetpack_social_options":{"image_generator_settings":{"template":"highway","default_image_id":0,"font":"","enabled":false},"version":2}},"categories":[12,2],"tags":[158,21],"class_list":["post-12827","post","type-post","status-publish","format-standard","hentry","category-recit","category-textes","tag-couleur-cafe","tag-philippe"],"jetpack_publicize_connections":[],"jetpack_featured_media_url":"","jetpack_sharing_enabled":true,"_links":{"self":[{"href":"https:\/\/www.leblogdescoutheillas.com\/index.php?rest_route=\/wp\/v2\/posts\/12827","targetHints":{"allow":["GET"]}}],"collection":[{"href":"https:\/\/www.leblogdescoutheillas.com\/index.php?rest_route=\/wp\/v2\/posts"}],"about":[{"href":"https:\/\/www.leblogdescoutheillas.com\/index.php?rest_route=\/wp\/v2\/types\/post"}],"author":[{"embeddable":true,"href":"https:\/\/www.leblogdescoutheillas.com\/index.php?rest_route=\/wp\/v2\/users\/1"}],"replies":[{"embeddable":true,"href":"https:\/\/www.leblogdescoutheillas.com\/index.php?rest_route=%2Fwp%2Fv2%2Fcomments&post=12827"}],"version-history":[{"count":0,"href":"https:\/\/www.leblogdescoutheillas.com\/index.php?rest_route=\/wp\/v2\/posts\/12827\/revisions"}],"wp:attachment":[{"href":"https:\/\/www.leblogdescoutheillas.com\/index.php?rest_route=%2Fwp%2Fv2%2Fmedia&parent=12827"}],"wp:term":[{"taxonomy":"category","embeddable":true,"href":"https:\/\/www.leblogdescoutheillas.com\/index.php?rest_route=%2Fwp%2Fv2%2Fcategories&post=12827"},{"taxonomy":"post_tag","embeddable":true,"href":"https:\/\/www.leblogdescoutheillas.com\/index.php?rest_route=%2Fwp%2Fv2%2Ftags&post=12827"}],"curies":[{"name":"wp","href":"https:\/\/api.w.org\/{rel}","templated":true}]}}