{"id":11400,"date":"2018-06-14T07:47:18","date_gmt":"2018-06-14T05:47:18","guid":{"rendered":"http:\/\/www.leblogdescoutheillas.com\/?p=11400"},"modified":"2018-06-10T12:39:18","modified_gmt":"2018-06-10T10:39:18","slug":"dernieres-lignes-derniers-regrets","status":"publish","type":"post","link":"https:\/\/www.leblogdescoutheillas.com\/?p=11400","title":{"rendered":"Derni\u00e8res lignes, derniers regrets"},"content":{"rendered":"<p style=\"text-align: justify;\">.\u00a0 \u00a0 \u00a0 \u00a0 \u00a0(\u2026) Ne sommes-nous pas tous semblables, parlant sans tr\u00eave et \u00e0 personne, confront\u00e9s toujours aux m\u00eames questions bien que nous connaissions d&rsquo;avance les r\u00e9ponses ? Alors, racontez-moi, je vous prie, ce qui vous est arriv\u00e9 un soir sur les quais de la Seine et comment vous avez r\u00e9ussi \u00e0 ne jamais risquer votre vie. Prononcez vous-m\u00eame les mots qui, depuis des ann\u00e9es, n&rsquo;ont cess\u00e9 de retentir dans mes nuits, et que je dirai enfin par votre bouche : \u00ab\u00a0O jeune fille, jette-toi encore dans l&rsquo;eau pour que j&rsquo;aie une seconde chance de nous sauver tous les deux ! \u00a0\u00bb Une seconde fois, hein, quelle imprudence ! Supposez, cher ma\u00eetre, qu&rsquo;on nous prenne au mot ? Il faudrait s&rsquo;ex\u00e9cuter. Brrr\u2026 ! l&rsquo;eau est si froide ! Mais rassurons-nous ! Il est trop tard, maintenant, il sera toujours trop tard. Heureusement !<\/p>\n<p style=\"text-align: justify;\">FIN<\/p>\n<p style=\"text-align: justify;\"><span style=\"color: #0000ff;\"><em>Albert Camus \u2013 La chute<\/em><\/span><\/p>\n<p><strong><span style=\"color: #ff0000;\">ET DEMAIN, LES PREMIERS PORTRAITS DE LORENZO DELL&rsquo;ACQUA<\/span><\/strong><\/p>\n","protected":false},"excerpt":{"rendered":"<p>.\u00a0 \u00a0 \u00a0 \u00a0 \u00a0(\u2026) Ne sommes-nous pas tous semblables, parlant sans tr\u00eave et \u00e0 personne, confront\u00e9s toujours aux m\u00eames questions bien que nous connaissions d&rsquo;avance les r\u00e9ponses ? Alors, racontez-moi, je vous prie, ce qui vous est arriv\u00e9 un soir sur les quais de la Seine et comment vous avez r\u00e9ussi \u00e0 ne jamais &hellip; <a href=\"https:\/\/www.leblogdescoutheillas.com\/?p=11400\" class=\"more-link\">Continuer la lecture de <span class=\"screen-reader-text\">Derni\u00e8res lignes, derniers regrets<\/span> <span class=\"meta-nav\">&rarr;<\/span><\/a><\/p>\n","protected":false},"author":1,"featured_media":0,"comment_status":"open","ping_status":"open","sticky":false,"template":"","format":"standard","meta":{"_mo_disable_npp":"","jetpack_post_was_ever_published":false,"_jetpack_newsletter_access":"","_jetpack_dont_email_post_to_subs":false,"_jetpack_newsletter_tier_id":0,"_jetpack_memberships_contains_paywalled_content":false,"_jetpack_memberships_contains_paid_content":false,"footnotes":"","jetpack_publicize_message":"","jetpack_publicize_feature_enabled":true,"jetpack_social_post_already_shared":false,"jetpack_social_options":{"image_generator_settings":{"template":"highway","default_image_id":0,"font":"","enabled":false},"version":2}},"categories":[4],"tags":[853],"class_list":["post-11400","post","type-post","status-publish","format-standard","hentry","category-citations","tag-albert-camus"],"jetpack_publicize_connections":[],"jetpack_featured_media_url":"","jetpack_sharing_enabled":true,"_links":{"self":[{"href":"https:\/\/www.leblogdescoutheillas.com\/index.php?rest_route=\/wp\/v2\/posts\/11400","targetHints":{"allow":["GET"]}}],"collection":[{"href":"https:\/\/www.leblogdescoutheillas.com\/index.php?rest_route=\/wp\/v2\/posts"}],"about":[{"href":"https:\/\/www.leblogdescoutheillas.com\/index.php?rest_route=\/wp\/v2\/types\/post"}],"author":[{"embeddable":true,"href":"https:\/\/www.leblogdescoutheillas.com\/index.php?rest_route=\/wp\/v2\/users\/1"}],"replies":[{"embeddable":true,"href":"https:\/\/www.leblogdescoutheillas.com\/index.php?rest_route=%2Fwp%2Fv2%2Fcomments&post=11400"}],"version-history":[{"count":0,"href":"https:\/\/www.leblogdescoutheillas.com\/index.php?rest_route=\/wp\/v2\/posts\/11400\/revisions"}],"wp:attachment":[{"href":"https:\/\/www.leblogdescoutheillas.com\/index.php?rest_route=%2Fwp%2Fv2%2Fmedia&parent=11400"}],"wp:term":[{"taxonomy":"category","embeddable":true,"href":"https:\/\/www.leblogdescoutheillas.com\/index.php?rest_route=%2Fwp%2Fv2%2Fcategories&post=11400"},{"taxonomy":"post_tag","embeddable":true,"href":"https:\/\/www.leblogdescoutheillas.com\/index.php?rest_route=%2Fwp%2Fv2%2Ftags&post=11400"}],"curies":[{"name":"wp","href":"https:\/\/api.w.org\/{rel}","templated":true}]}}