{"id":11007,"date":"2017-12-17T08:47:39","date_gmt":"2017-12-17T06:47:39","guid":{"rendered":"http:\/\/www.leblogdescoutheillas.com\/?p=11007"},"modified":"2017-12-17T09:13:39","modified_gmt":"2017-12-17T07:13:39","slug":"tavussa-34-brexit-dreyfus-meme-combat","status":"publish","type":"post","link":"https:\/\/www.leblogdescoutheillas.com\/?p=11007","title":{"rendered":"\u00bf TAVUSSA ? (34) &#8211; Brexit-Dreyfus, m\u00eame combat"},"content":{"rendered":"<p style=\"text-align: justify;\">Comme le temps passe, comme les choses changent !<\/p>\n<p style=\"text-align: justify;\">Je me rappelle vaguement que David Cameron avait engag\u00e9 son r\u00e9f\u00e9rendum sur le maintien ou non de l&rsquo;UK dans l&rsquo;UE pour faire taire la fraction anti-europ\u00e9enne de son propre parti.<\/p>\n<p style=\"text-align: justify;\">Je crois me souvenir de Theresa May d\u00e9fendant le<em> REMAIN<\/em> pendant la campagne.<\/p>\n<p style=\"text-align: justify;\">Je pense l&rsquo;avoir vue avaler son chapeau pour pouvoir prendre le poste de Premier Ministre charg\u00e9e de rendre effectif le r\u00e9sultat du scrutin, c\u2019est-\u00e0-dire le <em>BREXIT.<\/em><\/p>\n<p style=\"text-align: justify;\">Je suis pratiquement s\u00fbr de l&rsquo;avoir entendue dire qu&rsquo;un <em>Hard Brexit<\/em> serait sa ligne de conduite et que jamais l&rsquo;UK n&rsquo;aurait \u00e0 payer les 50 milliards r\u00e9clam\u00e9s par l&rsquo;UE pour commencer \u00e0 n\u00e9gocier.<\/p>\n<p style=\"text-align: justify;\">J&rsquo;ai encore dans l&rsquo;oreille l&rsquo;\u00e9cho de la semaine derni\u00e8re qui disait que Theresa May, toutes couleuvres aval\u00e9es, consid\u00e9rait qu&rsquo;une somme de 40-45 milliards d&rsquo;\u20ac \u00e9tait finalement \u00ab\u00a0<em>equitable<\/em>\u00a0\u00bb et qu&rsquo;un accord sur la fronti\u00e8re Irlande du Nord-R\u00e9publique d&rsquo;Irlande et sur les droits des expatri\u00e9s avait \u00e9t\u00e9 trouv\u00e9.<\/p>\n<p style=\"text-align: justify;\">Et voil\u00e0 que j&rsquo;apprends que le Parlement vient <!--more-->de voter un amendement qui soumet tout accord n\u00e9goci\u00e9 par le Gouvernement de Sa Majest\u00e9 \u00e0 l&rsquo;approbation du Parlement. Autant dire que, compte tenu des dates limites impos\u00e9es, il sera impossible de parvenir \u00e0 un accord avec l&rsquo;UE.<\/p>\n<p style=\"text-align: justify;\">On attend le prochain virage\u2026<\/p>\n<p style=\"text-align: justify;\">Il faut avouer que, m\u00eame dans le quinquennat fran\u00e7ais pr\u00e9c\u00e9dent, on n&rsquo;avait pas vu une telle s\u00e9rie de maladresses, de fanfaronnades, de mensonges, de b\u00eatise, de d\u00e9magogie, de contradictions et d&rsquo;\u00e9checs. Et pourtant\u2026<\/p>\n<p style=\"text-align: justify;\">J&rsquo;entendais l&rsquo;autre jour un journaliste d&rsquo;origine britannique, Alex Taylor, \u00e9voquer l&rsquo;ambiance de gueule de bois qui r\u00e8gne en UK depuis le premier matin du Brexit. Il n&rsquo;y a pas une conversation \u00e0 plus de trois qui n&rsquo;aborde le sujet et qui ne se termine en dispute. Des enfants ne parlent plus \u00e0 leurs parents, des p\u00e8res ont ferm\u00e9 leur porte \u00e0 leur fils, des commer\u00e7ants Brexiteurs sont boycott\u00e9s par les Remainistes et des Remainistes demandent la nationalit\u00e9 fran\u00e7aise (<em>fran\u00e7aise<\/em>, vous vous rendez compte !). Bref, c&rsquo;est l&rsquo;affaire Dreyfus.<\/p>\n<p style=\"text-align: justify;\">Une petite anecdote cit\u00e9e par le m\u00eame Alex Taylor, tr\u00e8s repr\u00e9sentative selon lui :<\/p>\n<p style=\"text-align: justify;\">Grimsby est une petite ville de 90.000 habitants situ\u00e9e dans l&rsquo;estuaire de l&rsquo;Humber dans le Lincolnshire. C&rsquo;est essentiellement un port de p\u00eache et un lieu de transformation des produits de la mer. Grimsby a vot\u00e9 \u00e0 70% pour la sortie de l&rsquo;UK de l&rsquo;Union Europ\u00e9enne et, pour le moment, ne d\u00e9clare pas le regretter. Ce qui n&#8217;emp\u00eache pas la Municipalit\u00e9 d&rsquo;\u00e9crire \u00e0 Theresa May pour lui demander d&rsquo;obtenir de l&rsquo;UE qu&rsquo;elle lui accorde une sorte de statut particulier de franchise douani\u00e8re afin que son industrie vitale Grimsby Seafood ne p\u00e2tisse pas du Brexit. Plut\u00f4t malin, non ? Le d\u00e9put\u00e9 du coin aurait m\u00eame d\u00e9clar\u00e9 que, dans cette demande, il voyait \u00ab\u00a0<em>a sign of the post-Brexit optimism<\/em>.\u00a0\u00bb<\/p>\n<p style=\"text-align: justify;\">Moi, \u00e7a m&rsquo;am\u00e8nerait plut\u00f4t \u00e0 penser que ces gens-l\u00e0 ne vivent pas dans le m\u00eame monde que nous.<\/p>\n<p style=\"text-align: justify;\">Le 24 mai dernier, un mois avant le r\u00e9f\u00e9rendum, devant les arguments des Brexiteurs, j&rsquo;\u00e9crivais : <strong>The English ?&#8230;Let them go !<\/strong><\/p>\n<p style=\"text-align: justify;\">Mais aujourd&rsquo;hui, je le regrette, ce mouvement d&rsquo;humeur. Il semble que je ne sois pas le seul d&rsquo;ailleurs, et que si c&rsquo;\u00e9tait \u00e0 refaire, les Anglais\u2026Enfin\u2026Mais je dis maintenant : <strong>The English? They want back? Let them in!<\/strong><\/p>\n<p><img loading=\"lazy\" decoding=\"async\" class=\"size-full wp-image-11024 aligncenter\" src=\"http:\/\/www.leblogdescoutheillas.com\/wp-content\/uploads\/2017\/12\/BREXIT.jpg\" alt=\"\" width=\"758\" height=\"505\" srcset=\"https:\/\/www.leblogdescoutheillas.com\/wp-content\/uploads\/2017\/12\/BREXIT.jpg 758w, https:\/\/www.leblogdescoutheillas.com\/wp-content\/uploads\/2017\/12\/BREXIT-300x200.jpg 300w\" sizes=\"auto, (max-width: 758px) 100vw, 758px\" \/><\/p>\n<p>&nbsp;<\/p>\n<p><span style=\"color: #ff0000;\"><strong>ET DEMAIN UN COLLAGE DE SEBASTIEN<\/strong><\/span><\/p>\n","protected":false},"excerpt":{"rendered":"<p>Comme le temps passe, comme les choses changent ! Je me rappelle vaguement que David Cameron avait engag\u00e9 son r\u00e9f\u00e9rendum sur le maintien ou non de l&rsquo;UK dans l&rsquo;UE pour faire taire la fraction anti-europ\u00e9enne de son propre parti. Je crois me souvenir de Theresa May d\u00e9fendant le REMAIN pendant la campagne. Je pense l&rsquo;avoir &hellip; <a href=\"https:\/\/www.leblogdescoutheillas.com\/?p=11007\" class=\"more-link\">Continuer la lecture de <span class=\"screen-reader-text\">\u00bf TAVUSSA ? (34) &#8211; Brexit-Dreyfus, m\u00eame combat<\/span> <span class=\"meta-nav\">&rarr;<\/span><\/a><\/p>\n","protected":false},"author":1,"featured_media":0,"comment_status":"open","ping_status":"open","sticky":false,"template":"","format":"standard","meta":{"_mo_disable_npp":"","jetpack_post_was_ever_published":false,"_jetpack_newsletter_access":"","_jetpack_dont_email_post_to_subs":false,"_jetpack_newsletter_tier_id":0,"_jetpack_memberships_contains_paywalled_content":false,"_jetpack_memberships_contains_paid_content":false,"footnotes":"","jetpack_publicize_message":"","jetpack_publicize_feature_enabled":true,"jetpack_social_post_already_shared":true,"jetpack_social_options":{"image_generator_settings":{"template":"highway","default_image_id":0,"font":"","enabled":false},"version":2}},"categories":[2,15],"tags":[998,21],"class_list":["post-11007","post","type-post","status-publish","format-standard","hentry","category-textes","category-themes","tag-brexit","tag-philippe"],"jetpack_publicize_connections":[],"jetpack_featured_media_url":"","jetpack_sharing_enabled":true,"_links":{"self":[{"href":"https:\/\/www.leblogdescoutheillas.com\/index.php?rest_route=\/wp\/v2\/posts\/11007","targetHints":{"allow":["GET"]}}],"collection":[{"href":"https:\/\/www.leblogdescoutheillas.com\/index.php?rest_route=\/wp\/v2\/posts"}],"about":[{"href":"https:\/\/www.leblogdescoutheillas.com\/index.php?rest_route=\/wp\/v2\/types\/post"}],"author":[{"embeddable":true,"href":"https:\/\/www.leblogdescoutheillas.com\/index.php?rest_route=\/wp\/v2\/users\/1"}],"replies":[{"embeddable":true,"href":"https:\/\/www.leblogdescoutheillas.com\/index.php?rest_route=%2Fwp%2Fv2%2Fcomments&post=11007"}],"version-history":[{"count":0,"href":"https:\/\/www.leblogdescoutheillas.com\/index.php?rest_route=\/wp\/v2\/posts\/11007\/revisions"}],"wp:attachment":[{"href":"https:\/\/www.leblogdescoutheillas.com\/index.php?rest_route=%2Fwp%2Fv2%2Fmedia&parent=11007"}],"wp:term":[{"taxonomy":"category","embeddable":true,"href":"https:\/\/www.leblogdescoutheillas.com\/index.php?rest_route=%2Fwp%2Fv2%2Fcategories&post=11007"},{"taxonomy":"post_tag","embeddable":true,"href":"https:\/\/www.leblogdescoutheillas.com\/index.php?rest_route=%2Fwp%2Fv2%2Ftags&post=11007"}],"curies":[{"name":"wp","href":"https:\/\/api.w.org\/{rel}","templated":true}]}}